[{"id":9625,"date":"2026-09-01T00:00:39","date_gmt":"2026-09-01T07:00:39","guid":{"rendered":"https:\/\/dctemplevisitorscenter.org\/?p=9625"},"modified":"2026-08-27T13:12:19","modified_gmt":"2026-08-27T20:12:19","slug":"believe-in-him-deep-dive-with-lilly-gaskin","status":"publish","type":"post","link":"http:\/\/templehill.org\/es\/believe-in-him-deep-dive-with-lilly-gaskin\/","title":{"rendered":"Cree en \u00c9l: Un an\u00e1lisis profundo con Lilly Gaskin"},"content":{"rendered":"\t\t<div data-elementor-type=\"wp-post\" data-elementor-id=\"9625\" class=\"elementor elementor-9625\" data-elementor-post-type=\"post\">\n\t\t\t\t\t\t<section class=\"elementor-section elementor-top-section elementor-element elementor-element-6d21c39b elementor-section-boxed elementor-section-height-default elementor-section-height-default\" data-id=\"6d21c39b\" data-element_type=\"section\" data-e-type=\"section\">\n\t\t\t\t\t\t<div class=\"elementor-container elementor-column-gap-default\">\n\t\t\t\t\t<div class=\"elementor-column elementor-col-100 elementor-top-column elementor-element elementor-element-5e4a2522\" data-id=\"5e4a2522\" data-element_type=\"column\" data-e-type=\"column\">\n\t\t\t<div class=\"elementor-widget-wrap elementor-element-populated\">\n\t\t\t\t\t\t<div class=\"elementor-element elementor-element-37f87e78 elementor-widget elementor-widget-text-editor\" data-id=\"37f87e78\" data-element_type=\"widget\" data-e-type=\"widget\" data-widget_type=\"text-editor.default\">\n\t\t\t\t<div class=\"elementor-widget-container\">\n\t\t\t\t\t\t\t\t\t<p><strong><\/strong><\/p>\n<p>Article and Interview by: Dallin Butler, <a href=\"https:\/\/goforthfoundation.org\/\" target=\"_blank\" rel=\"noopener\">GoForth Foundation<\/a><\/p>\n<p>This article was adapted from its original posting in February 2025 on <a href=\"https:\/\/dctemplevisitorscenter.org\/\" target=\"_blank\" rel=\"noopener\">DCTempleVisitorsCenter.org.<\/a><\/p>\n<h3 class=\"wp-block-heading\">Introduction<\/h3>\n\n<p class=\"wp-block-paragraph\" style=\"font-size: 20px; color: #3b3a3a;\">Lilly Gaskin, a sophomore at <a href=\"https:\/\/www.byu.edu\/\" target=\"_blank\" rel=\"noreferrer noopener\">Brigham Young University,<\/a> has worked for Holdman Studios, a stained glass company based in Lehi, Utah, for almost two years. Lilly\u2019s help with the <a href=\"https:\/\/templehill.org\/believe-in-him\/\"><em>Believe in Him <\/em>stained glass window<\/a> helped shape it into what is today: a masterpiece of light and brilliantly colored glass centered on the life and teachings of the Savior, Jesus Christ. Her artistic voice was expressed throughout the assembly and engraving process and through the <a href=\"https:\/\/apps.apple.com\/us\/app\/believe-in-him\/id6447086349\" target=\"_blank\" rel=\"noopener\">Believe in Him app,<\/a> an AR app used to interact directly with the exhibit, featuring Lilly\u2019s voice talent and written work.\u00a0<\/p>\n\n<p class=\"wp-block-paragraph\" style=\"font-size: 20px; color: #3b3a3a;\">Creating something out of stained glass is a laborious task, from idea conception to site installment. Lilly\u2019s job was to cut, grind out, and wrap glass pieces in copper foil before soldering pieces together with molten lead and a soldering iron. The process, much like spiritual progression, requires time, attention to detail, and commitment.\u00a0<\/p>\n\n<p class=\"wp-block-paragraph\" style=\"font-size: 20px; color: #3b3a3a;\">Before Lilly was able to put her cutting and grinding tools to work, however, each piece of glass had to be hand-picked for the right color and pattern. \u201cThe glass-picking process was super labor intensive, super hour intensive,\u201d Lilly explained. \u201cWe have giant shelves of glass. The people in the design room would sometimes pull out this old, dusty, probably decades-old piece of glass and say: \u2018This is your time to shine,\u2019 and they would use it for one piece, maybe two pieces, and back on the shelf it would go.\u201d\u00a0<\/p>\n\n<p class=\"wp-block-paragraph\" style=\"font-size: 20px; color: #3b3a3a;\">A few different methods are employed to cut stained glass, some of which were used millennia ago and are still utilized today, while others are more modern strategies meant to streamline the process. What are they, and what did Holdman Studios use to cut the glass?<\/p>\n\n<p class=\"wp-block-paragraph\" style=\"font-size: 20px; color: #3b3a3a;\">\u201cWe use [a] water jet,\u201d Lilly explained. \u201cImagine a laser, but instead of this beam of energy, it\u2019s a beam of water. A really, really, highly pressurized jet of water, and it goes right through the glass. I\u2019ve seen it go through six inches of solid rock\u2026. It cuts the glass perfectly.\u201d<\/p>\n\n<p class=\"wp-block-paragraph\" style=\"font-size: 20px; color: #3b3a3a;\">However, using the water jet to cut every piece of glass becomes inefficient, especially because most pieces are unique, and the water jet excels at cutting out duplicate pieces with speed and efficiency.<\/p>\n\n<p class=\"wp-block-paragraph\" style=\"font-size: 20px; color: #3b3a3a;\">In those moments, \u201cit\u2019s much easier for us to cut it by hand.\u201d Lilly explained. \u201cTo do that, we use glass cutting runners\u2026. Essentially, it\u2019s like a little pencil, and on the end of this pencil is a little rotating wheel. And this wheel is not sharp, per se, but it does score the glass in a line [leaving] a little white line where it scores it. If you tap on that line where the glass has been weakened and scored, it will break on that line. Hopefully.\u201d\u00a0<\/p>\n\n<p class=\"wp-block-paragraph\" style=\"font-size: 20px; color: #3b3a3a;\">Tapping on the weakened, scored glass is the technique that has been used for generations by glassmakers. \u201cThat\u2019s pretty much been the method forever and ever, with varying iterations on these tools,\u201d Lilly emphasized. \u201cBut that\u2019s how we cut it by hand.\u201d<\/p>\n\n<p class=\"wp-block-paragraph\" style=\"font-size: 20px; color: #3b3a3a;\">These iterations have changed the glass-making process with water jet technology. Truly, water is a force of nature, especially when a pressurized stream of it can cut through six inches of solid rock, let alone glass! Lilly did mention, however, that the nature of <em>Believe in Him <\/em>required a good majority of the smaller pieces to be cut by hand to save time rather than upload a file into the water jet machine and secure the glass below the cutter.\u00a0<\/p>\n\n<p class=\"wp-block-paragraph\" style=\"font-size: 20px; color: #3b3a3a;\">How do you assemble the glass after it is cut?<\/p>\n\n<p class=\"wp-block-paragraph\" style=\"font-size: 20px; color: #3b3a3a;\">Lilly responded that each piece of glass needs to be lined with copper foil before it can be soldered together.\u00a0<\/p>\n\n<p class=\"wp-block-paragraph\" style=\"font-size: 20px; color: #3b3a3a;\">But what is copper foiling, what is that process like, and why do stained glass artists need to do it?<\/p>\n\n<p class=\"wp-block-paragraph\" style=\"font-size: 20px; color: #3b3a3a;\">Before the pieces of glass can be stitched together with lead to fill the cracks between each shard, each piece has to be lined with copper foil. \u201cThe lead does not stick to glass, but it does stick to copper foil\u2026. Because this little metal tape is adhesive on one side, we wrap every piece all along the edge in that copper foil, and then when we fit them together, the solder can stick to the copper lines surrounding each piece.\u201d Flux is also added around the copper foil \u201cas a primer to get the solder on.\u201d<\/p>\n\n<p class=\"wp-block-paragraph\" style=\"font-size: 20px; color: #3b3a3a;\">How long does the process of adding the copper foil take?<\/p>\n\n<p class=\"wp-block-paragraph\" style=\"font-size: 20px; color: #3b3a3a;\">\u201cHours. Hours.\u201d Lilly emphatically repeated during the interview. \u201cCopper foiling was the longest part of the process, besides choosing and cutting the glass. It would take ten of us around the table\u2026 going at it for at least three to five work days just to get one panel all copper-foiled. I was heavily involved in that, just like everyone else.\u201d<\/p>\n\n<p class=\"wp-block-paragraph\" style=\"font-size: 20px; color: #3b3a3a;\">Lilly continued to say that the workshop tables were not large enough to fit the stained glass, despite being \u201csix to eight feet long,\u201d so they had to expand them to fit one pane. \u201cIt was insane. We were climbing on tables\u2026. I don\u2019t know how we did some of this,\u201d Lilly laughed. \u201cWe\u2019re very ambitious.\u201d<\/p>\n\n<p class=\"wp-block-paragraph\" style=\"font-size: 20px; color: #3b3a3a;\">After the glass is cut, lined in copper foil, and pieced together with lead, it still needs to be thoroughly cleaned and placed between two sheets of tempered glass.<\/p>\n\n<p class=\"wp-block-paragraph\" style=\"font-size: 20px; color: #3b3a3a;\">This tempered glass is meant to keep it safe, and Lilly compared the transparent, tough glass to the strength of a car windshield. \u201cOnce it\u2019s insulated,\u201d she began. \u201cThere\u2019s no going back. There can\u2019t be a spot of dust on that window. Building the window, yes, that took forever, but cleaning? Cleaning almost took as long as a lot of the other processes to make it come to life.\u201d<\/p>\n\n<p class=\"wp-block-paragraph\" style=\"font-size: 20px; color: #3b3a3a;\">What\u2019s your favorite object or scene in the stained glass display?\u00a0<\/p>\n\n<figure class=\"wp-block-image size-large\"><img decoding=\"async\" class=\"wp-image-9628\" src=\"https:\/\/dctemplevisitorscenter.org\/wp-content\/uploads\/2025\/02\/Spiral-Galaxy-1024x555.jpg\" alt=\"\" \/>\n<figcaption class=\"wp-element-caption\">Spiral galaxy with light beam<\/figcaption>\n<\/figure>\n\n<p class=\"wp-block-paragraph\" style=\"font-size: 20px; color: #3b3a3a;\">\u201cI believe it\u2019s the leftmost panel\u2026 there\u2019s a galaxy. I etched some of the stars into those pieces of glass. I got a drill bit and drilled a little divot into the glass so the light could shine through better. It\u2019s not a hole in the glass, but it\u2019s super close. It makes it super thin and fine so it looks like stars when the light shines through it\u2026. And I just think it turned out so beautifully.\u201d<\/p>\n\n<p class=\"wp-block-paragraph\" style=\"font-size: 20px; color: #3b3a3a;\">Lilly\u2019s work on the stars is astounding. Continuing on, she talked about how the white beam of light depicted in glass as it erupts from the spiral galaxy was made by stacking multiple pieces of glass on top of each other and firing them. This process creates layers in the glass beyond what one piece can do on its own and fuses them to create incredible waves of texture. Similar to what Heavenly Father can do in our lives, as we fuse our will with His, we become \u201credeemed of God\u201d and \u201cnew creatures\u201d (<a href=\"https:\/\/www.churchofjesuschrist.org\/study\/scriptures\/bofm\/mosiah\/27?lang&amp;id=p25-p27#p25\" target=\"_blank\" rel=\"noreferrer noopener\">Mosiah 27:25-27<\/a>).\u00a0<\/p>\n\n<p class=\"wp-block-paragraph\" style=\"font-size: 20px; color: #3b3a3a;\">Any interesting stories from the creation of the glass?\u00a0<\/p>\n\n<figure class=\"wp-block-image size-large\"><img decoding=\"async\" class=\"wp-image-9627\" src=\"https:\/\/dctemplevisitorscenter.org\/wp-content\/uploads\/2025\/02\/Roman-Centurions-Foot-1024x555.jpg\" alt=\"\" \/>\n<figcaption class=\"wp-element-caption\">Roman centurion&#8217;s improvised sandal strap<\/figcaption>\n<\/figure>\n\n<p class=\"wp-block-paragraph\" style=\"font-size: 20px; color: #3b3a3a;\">\u201cThere\u2019s a Roman centurion\u2026 he\u2019s on the left by the woman making the red garments white as snow\u2026. His foot broke when we were putting it all together. That piece is painted\u2026. Painted pieces are not pieces you want to break. They take forever to make, [and] they\u2019re super labor intensive\u2026. We showed it to them, and they said, \u2018Well, that guy\u2019s getting a sandal now,\u2019 and so we just copper-foiled the two separate pieces and put a solder line over it.\u201d<\/p>\n\n<p class=\"wp-block-paragraph\" style=\"font-size: 20px; color: #3b3a3a;\">A delicate medium such as stained glass means breaks are bound to happen. The centurion\u2019s foot had a weak point but through a refining process, \u201cweak things become strong\u201d (<a href=\"https:\/\/www.churchofjesuschrist.org\/study\/scriptures\/bofm\/ether\/12?lang&amp;id=p27#p27\" target=\"_blank\" rel=\"noreferrer noopener\">Ether 12:27<\/a>). When we feel broken, the Savior is eager, willing, and able to heal us (<a href=\"https:\/\/www.churchofjesuschrist.org\/study\/scriptures\/bofm\/3-ne\/9?lang=eng&amp;id=p13-p15#p13\" target=\"_blank\" rel=\"noreferrer noopener\">3 Nephi 9:13-15<\/a>).<\/p>\n\n<p class=\"wp-block-paragraph\" style=\"font-size: 20px; color: #3b3a3a;\">I\u2019ve heard there are hidden, real objects soldered into the glass. What are they, and where are they?\u00a0\u00a0<\/p>\n\n<p class=\"wp-block-paragraph\" style=\"font-size: 20px; color: #3b3a3a;\">\u201cI believe it\u2019s on one of the rightmost panels, there is a vial of tears soldered into the window.\u201d<\/p>\n\n<p class=\"wp-block-paragraph\" style=\"font-size: 20px; color: #3b3a3a;\">Lilly wasn\u2019t sure about where the tears came from or why the vial was significant, but was deeply impressed by it and was thoroughly cautioned about how fragile it was during the soldering process.<\/p>\n\n<p class=\"wp-block-paragraph\" style=\"font-size: 20px; color: #3b3a3a;\">\u201cI remember them bringing that out and everyone being like, \u2018Do not touch it, do not breathe on it wrong, we cannot break this piece. We\u2019ve got to solder it in perfectly. We are not getting our hands on another one of these.\u2019 I think that\u2019s one of the coolest objects in this window that aren\u2019t glass. It\u2019s beautiful. You\u2019ve got to look for it.\u201d<\/p>\n\n<p class=\"wp-block-paragraph\" style=\"font-size: 20px; color: #3b3a3a;\">Lilly also mentioned that beyond the widow\u2019s mite hidden in the old woman\u2019s staff, there are actual Roman coins and frankincense soldered into the glass.\u00a0<\/p>\n\n<p class=\"wp-block-paragraph\" style=\"font-size: 20px; color: #3b3a3a;\">What are your favorite symbols in <em>Believe in Him?<\/em><\/p>\n\n<figure class=\"wp-block-image size-large\"><img decoding=\"async\" class=\"wp-image-9627\" src=\"https:\/\/dctemplevisitorscenter.org\/wp-content\/uploads\/2025\/02\/Symbols-Hidden-in-Glass-1.jpg\" alt=\"\" \/>\n<figcaption class=\"wp-element-caption\">Parables and Symbols<\/figcaption>\n<\/figure>\n\n<p class=\"wp-block-paragraph\" style=\"font-size: 20px; color: #3b3a3a;\">\u201cEvery parable you could possibly think of in the Old and New Testament [is] there,\u201d Lilly said. \u201cThere are parables upon parables in this.\u201d<\/p>\n\n<ul class=\"wp-block-list\">\n<li>Mary and Martha\n<ul class=\"wp-block-list\">\n<li>Paying attention to things that are important and right in front of you, and maintaining your relationship with a loving Father in Heaven (<a href=\"https:\/\/www.churchofjesuschrist.org\/study\/scriptures\/nt\/luke\/10?lang&amp;id=p38-p42#p38\" target=\"_blank\" rel=\"noreferrer noopener\">Luke 10:38-42<\/a>).<\/li>\n<\/ul>\n<\/li>\n\n<li>Five Loaves and Two Fishes\n<ul class=\"wp-block-list\">\n<li>Christ feeding the 5,000 (<a href=\"https:\/\/www.churchofjesuschrist.org\/study\/scriptures\/nt\/john\/6?lang&amp;id=p5-p14#p5\" target=\"_blank\" rel=\"noreferrer noopener\">John 6:5-14<\/a>).<\/li>\n<\/ul>\n<\/li>\n\n<li>Christ Loves All of His Children\n<ul class=\"wp-block-list\">\n<li>Ressurected daughter of Jarius and little boy sitting next to the well representing the little children coming unto Christ and His love for them (<a href=\"https:\/\/www.churchofjesuschrist.org\/study\/scriptures\/nt\/mark\/5?lang&amp;id=p38-p43#p38\" target=\"_blank\" rel=\"noreferrer noopener\">Mark 5:38-43,<\/a> <a href=\"https:\/\/www.churchofjesuschrist.org\/study\/scriptures\/nt\/mark\/10?lang&amp;id=p14#p14\" target=\"_blank\" rel=\"noreferrer noopener\">Mark 10:14,<\/a> <a href=\"https:\/\/www.churchofjesuschrist.org\/study\/scriptures\/bofm\/3-ne\/17?lang&amp;id=p21#p21\" target=\"_blank\" rel=\"noreferrer noopener\">3 Nephi 17:21<\/a>).<\/li>\n<\/ul>\n<\/li>\n\n<li>Sparrows\n<ul class=\"wp-block-list\">\n<li>\u201cHe feeds the birds in the sky. If he cares so much about these sparrows, how much will he care for you? I really like that,\u201d Lilly said. (See <a href=\"https:\/\/www.churchofjesuschrist.org\/study\/scriptures\/nt\/luke\/12?lang&amp;id=p6-p7#p6\" target=\"_blank\" rel=\"noreferrer noopener\">Luke 12:6-7<\/a>).<\/li>\n<\/ul>\n<\/li>\n\n<li>Toy Boat\n<ul class=\"wp-block-list\">\n<li>Christ walked on water and stretched forth His hand to save Peter (<a href=\"https:\/\/www.churchofjesuschrist.org\/study\/scriptures\/nt\/matt\/14?lang&amp;id=p22-p33#p22\" target=\"_blank\" rel=\"noreferrer noopener\">Matt 14:22-33<\/a>).<\/li>\n<\/ul>\n<\/li>\n\n<li>Christ as the vocal point\n<ul class=\"wp-block-list\">\n<li>\u201cIf you look at the visual lines, the perspective where people are looking, it all is centered on Christ, and that was so intentional. The rocks on the ground lead to Christ, the birds lead to Christ, everything does. It all brings your attention back to him in a very visually astounding way.\u201d<\/li>\n<\/ul>\n<\/li>\n<\/ul>\n\n<p class=\"wp-block-paragraph\" style=\"font-size: 20px; color: #3b3a3a;\">What did you do to help with the app: \u201cBelieve in Him?\u201d<\/p>\n\n<figure class=\"wp-block-image size-large\"><img decoding=\"async\" class=\"wp-image-9632\" src=\"https:\/\/dctemplevisitorscenter.org\/wp-content\/uploads\/2025\/02\/Believe-in-Him-App-1024x555.jpg\" alt=\"\" \/>\n<figcaption class=\"wp-element-caption\">Believe in Him augmented reality app, available on the <a href=\"https:\/\/apps.apple.com\/us\/app\/believe-in-him\/id6447086349\" target=\"_blank\" rel=\"noopener\">Apple App Store<\/a> and <a href=\"https:\/\/play.google.com\/store\/apps\/details?id=com.animateart.believeinhim&amp;hl=en_US\" target=\"_blank\" rel=\"noopener\">Google Play<\/a><\/figcaption>\n<\/figure>\n\n<p class=\"wp-block-paragraph\" style=\"font-size: 20px; color: #3b3a3a;\">\u201cI wrote all the narrations. [I] had some help from my dad because he was intrinsically involved [as] the editor.\u201d Lilly also described that she did all of the female narration and that her \u201cdad did the male voices.\u201d Lilly\u2019s dad, James Gaskin, is an IS professor at BYU.<\/p>\n\n<p class=\"wp-block-paragraph\" style=\"font-size: 20px; color: #3b3a3a;\">For the written content and narration, Lilly said: \u201cI wanted to use keywords from the scriptures that people would recognize so they would be able to tie the narration back to scripture and back to those sources\u2026. That connection\u2026 acts as a conduit for the Spirit to be in the narrations.\u201d<\/p>\n\n<p class=\"wp-block-paragraph\" style=\"font-size: 20px; color: #3b3a3a;\">Lilly\u2019s focus on the scriptures is both visually and audibly evident through the \u201cBelieve in Him\u201d app. By scanning the exhibit in front of you, the figures in the display move in augmented reality on your smartphone, and when tapped, the narrations Lilly wrote and recorded with her dad play. Make sure to use headphones while in the Visitors\u2019 Center to maintain the reflective atmosphere during your visit!<\/p>\n\n<p class=\"wp-block-paragraph\" style=\"font-size: 20px; color: #3b3a3a;\">\u201cI also consulted a lot of the <a href=\"https:\/\/www.deseretbook.com\/product\/5207070.html?srsltid=AfmBOoqEO9egA7obxZEwYkI4kzzipk73_liOe6EU8fR84frTOnoBpN9X\" target=\"_blank\" rel=\"noopener\"><em>Come Unto Me<\/em><\/a> book,\u201d Lilly replied when asked about what resources she used for the app\u2019s content beyond the scriptures. One of the resources she used was a used a book written by Gayle Holdman and a handful of BYU religion professors, including Brad Wilcox, previous first counselor in the Young Men General Presidency. This book describes the creation and symbolism present in the original display <em>Believe in Him <\/em>was based on. The original, <em>Come Unto Me,<\/em> is on display in the <a href=\"https:\/\/tempiodiroma.org\/visitors-center\/\" target=\"_blank\" rel=\"noopener\">Rome Italy Temple Visitors\u2019 Center<\/a> and shares the five inner panels of <em>Believe in Him, <\/em>with the latter including four additional panels than the original<em>.<\/em><\/p>\n<p>\u00a0<\/p>\n\n<p class=\"wp-block-paragraph\" style=\"font-size: 20px; color: #3b3a3a;\">\u00a0\u201cSince a lot was the same [for] both <em>Come Unto Me <\/em>and <em>Believe in Him <\/em>for those five central panels, that was a great place to source things,\u201d Lilly said. \u201cThat book [<em>Come Unto Me<\/em>] has really long, detailed descriptions, and so I was able to take that, take notes, [and] try to condense that information to a few short sentences per narration\u2026. There\u2019s so much depth, but I had to do what I could with a 30-second audio clip\u2026. We had to make sure that people of all ages could understand what was going on\u2026. I tried to be as clear as possible while also retaining that formal language.\u201d<\/p>\n\n<p class=\"wp-block-paragraph\" style=\"font-size: 20px; color: #3b3a3a;\">What are you working on now for Holdman Studios?<\/p>\n<div class=\"wp-block-image\">\n<figure class=\"alignleft size-large\"><img decoding=\"async\" class=\"wp-image-9633\" src=\"https:\/\/dctemplevisitorscenter.org\/wp-content\/uploads\/2025\/02\/Sphere-of-Light--1024x555.jpg\" alt=\"\" \/>\n<figcaption class=\"wp-element-caption\">Artist&#8217;s Rendering of Holdman Studios&#8217; and Roots of Humanity&#8217;s &#8220;Sphere of Light&#8221;<\/figcaption>\n<\/figure>\n<\/div>\n<p class=\"wp-block-paragraph\" style=\"font-size: 20px; color: #3b3a3a;\">Beyond temple and residential work, Lilly spoke about how Holdman Studios is building the windows for a to-be-built spiral structure with walls made entirely of stained glass. This project, known as the Sphere of Light, will tell the story of humanity as it swirls skyward.<\/p>\n\n<p class=\"wp-block-paragraph\" style=\"font-size: 20px; color: #3b3a3a;\">To learn more about the Sphere of Light, please visit Roots of Humanity&#8217;s <a href=\"https:\/\/www.rootsofhumanity.org\/sol\" target=\"_blank\" rel=\"noreferrer noopener\">website.<\/a><\/p>\n\n<p class=\"wp-block-paragraph\" style=\"font-size: 20px; color: #3b3a3a;\">A Retrospective in Stained Glass<\/p>\n\n<p class=\"wp-block-paragraph\" style=\"font-size: 20px; color: #3b3a3a;\">\u201cNever let it be said that God does not exist,\u201d Lilly Gaskin submitted near the end of the interview. Lilly\u2019s words echo the words of the prophet, Alma the Younger, in the Book of Mormon.\u00a0<\/p>\n\n<p class=\"wp-block-paragraph\" style=\"font-size: 20px; color: #3b3a3a;\">\u201cBut Alma said unto him: Thou hast had signs enough; will ye tempt your God? Will ye say, Show unto me a sign, when ye have the testimony of all these thy brethren, and also all the holy prophets? The scriptures are laid before thee, yea, and all things denote there is a God; yea, even the earth, and all things that are upon the face of it, yea, and its motion, yea, and also all the planets which move in their regular form do witness that there is a Supreme Creator\u201d (<a href=\"https:\/\/www.churchofjesuschrist.org\/study\/scriptures\/bofm\/alma\/30?lang&amp;id=p44#p44\" target=\"_blank\" rel=\"noreferrer noopener\">Alma 30:44<\/a>).<\/p>\n\n<p class=\"wp-block-paragraph\" style=\"font-size: 20px; color: #3b3a3a;\">Lilly\u2019s work with Holdman Studios and the Roots of Humanity Foundation, from the star-etched galaxy to the fixed foot of a Roman soldier to countless other details, has been essential for both teams and her own spiritual growth of becoming more like the Savior.<\/p>\n\n<figure class=\"wp-block-image size-large\"><img decoding=\"async\" class=\"wp-image-9629\" src=\"https:\/\/dctemplevisitorscenter.org\/wp-content\/uploads\/2025\/02\/The-Savior-Jesus-Christ-1024x555.jpg\" alt=\"\" \/>\n<figcaption class=\"wp-element-caption\">The Savior as the Redeemer of the World<\/figcaption>\n<\/figure>\n\n<p class=\"wp-block-paragraph\" style=\"font-size: 20px; color: #3b3a3a;\">Lilly expressed gratitude multiple times during the interview that her work life and religious life were intrinsically connected. \u201cI feel doubly productive when I\u2019m at work and when I\u2019m writing because I know that that glass is going to stand for centuries. Glass does not just wear away. It will stay forever\u2026. That\u2019s the goal. Knowing it\u2019s for the Lord and for His work ensures that what I do means something.\u201d<\/p>\n\n<p class=\"wp-block-paragraph\" style=\"font-size: 20px; color: #3b3a3a;\">Feel the peace of the Savior, Jesus Christ, as you learn more about Him at the newly renovated Oakland Temple Visitors\u2019 Center with this stained glass masterpiece highlighting His matchless life and mortal ministry. To learn more about the glass to prepare for your visit, take a look at more of the symbolism behind <em>Believe in Him <\/em><a href=\"https:\/\/templehill.org\/believe-in-him\/symbolism\/\">HERE.<\/a><\/p>\n\t\t\t\t\t\t\t\t<\/div>\n\t\t\t\t<\/div>\n\t\t\t\t\t<\/div>\n\t\t<\/div>\n\t\t\t\t\t<\/div>\n\t\t<\/section>\n\t\t\t\t<\/div>\n\t\t","protected":false},"excerpt":{"rendered":"<p>Article and Interview by: Dallin Butler, GoForth Foundation This article was adapted from its original posting in February 2025 on DCTempleVisitorsCenter.org. Introduction Lilly Gaskin, a sophomore at Brigham Young University, [&hellip;]<\/p>\n","protected":false},"author":20,"featured_media":14757,"comment_status":"closed","ping_status":"closed","sticky":false,"template":"","format":"standard","meta":{"_price":"","_stock":"","_tribe_ticket_header":"","_tribe_default_ticket_provider":"","_tribe_ticket_capacity":"0","_ticket_start_date":"","_ticket_end_date":"","_tribe_ticket_show_description":"","_tribe_ticket_show_not_going":false,"_tribe_ticket_use_global_stock":"","_tribe_ticket_global_stock_level":"","_global_stock_mode":"","_global_stock_cap":"","_tribe_rsvp_for_event":"","_tribe_ticket_going_count":"","_tribe_ticket_not_going_count":"","_tribe_tickets_list":"[]","_tribe_ticket_has_attendee_info_fields":false,"footnotes":""},"categories":[22],"tags":[148,149,103,150],"class_list":["post-9625","post","type-post","status-publish","format-standard","has-post-thumbnail","hentry","category-education","tag-jesus-christ","tag-stained-glass","tag-the-church-of-jesus-christ-of-latter-day-saints","tag-washington-dc-temple-visitors-center","entry"],"yoast_head":"<!-- This site is optimized with the Yoast SEO plugin v28.4 - https:\/\/yoast.com\/product\/yoast-seo-wordpress\/ -->\n<title>Believe in Him Deep-Dive With Lilly Gaskin - TempleHill.org<\/title>\n<meta name=\"description\" content=\"In this interview, discover how Lilly Gaskin helped assemble Believe in Him, a stunning stained glass masterpiece centered on Jesus Christ.\" \/>\n<meta name=\"robots\" content=\"index, follow, max-snippet:-1, max-image-preview:large, max-video-preview:-1\" \/>\n<link rel=\"canonical\" href=\"https:\/\/templehill.org\/es\/believe-in-him-deep-dive-with-lilly-gaskin\/\" \/>\n<meta property=\"og:locale\" content=\"es_MX\" \/>\n<meta property=\"og:type\" content=\"article\" \/>\n<meta property=\"og:title\" content=\"Believe in Him Deep-Dive With Lilly Gaskin - TempleHill.org\" \/>\n<meta property=\"og:description\" content=\"In this interview, discover how Lilly Gaskin helped assemble Believe in Him, a stunning stained glass masterpiece centered on Jesus Christ.\" \/>\n<meta property=\"og:url\" content=\"https:\/\/templehill.org\/es\/believe-in-him-deep-dive-with-lilly-gaskin\/\" \/>\n<meta property=\"og:site_name\" content=\"TempleHill.org\" \/>\n<meta property=\"article:publisher\" content=\"https:\/\/www.facebook.com\/OaklandTempleHill\" \/>\n<meta property=\"article:published_time\" content=\"2026-09-01T07:00:39+00:00\" \/>\n<meta property=\"og:image\" content=\"https:\/\/templehill.org\/wp-content\/uploads\/2026\/09\/Believe-in-Him-Deep-Dive-With-Lilly-Gaskin-Temple-Hill.png\" \/>\n\t<meta property=\"og:image:width\" content=\"1200\" \/>\n\t<meta property=\"og:image:height\" content=\"650\" \/>\n\t<meta property=\"og:image:type\" content=\"image\/png\" \/>\n<meta name=\"author\" content=\"Temple Hill\" \/>\n<meta name=\"twitter:card\" content=\"summary_large_image\" \/>\n<meta name=\"twitter:label1\" content=\"Escrito por\" \/>\n\t<meta name=\"twitter:data1\" content=\"Temple Hill\" \/>\n\t<meta name=\"twitter:label2\" content=\"Tiempo de lectura\" \/>\n\t<meta name=\"twitter:data2\" content=\"13 minutos\" \/>\n<script type=\"application\/ld+json\" class=\"yoast-schema-graph\">{\"@context\":\"https:\\\/\\\/schema.org\",\"@graph\":[{\"@type\":\"Article\",\"@id\":\"https:\\\/\\\/templehill.org\\\/believe-in-him-deep-dive-with-lilly-gaskin\\\/#article\",\"isPartOf\":{\"@id\":\"https:\\\/\\\/templehill.org\\\/believe-in-him-deep-dive-with-lilly-gaskin\\\/\"},\"author\":{\"name\":\"Temple Hill\",\"@id\":\"https:\\\/\\\/templehill.org\\\/zh\\\/#\\\/schema\\\/person\\\/2be416650857af1896fcfb1105fcdc23\"},\"headline\":\"Believe in Him Deep-Dive With Lilly Gaskin\",\"datePublished\":\"2026-09-01T07:00:39+00:00\",\"mainEntityOfPage\":{\"@id\":\"https:\\\/\\\/templehill.org\\\/believe-in-him-deep-dive-with-lilly-gaskin\\\/\"},\"wordCount\":2552,\"publisher\":{\"@id\":\"https:\\\/\\\/templehill.org\\\/zh\\\/#organization\"},\"image\":{\"@id\":\"https:\\\/\\\/templehill.org\\\/believe-in-him-deep-dive-with-lilly-gaskin\\\/#primaryimage\"},\"thumbnailUrl\":\"https:\\\/\\\/templehill.org\\\/wp-content\\\/uploads\\\/2026\\\/09\\\/Believe-in-Him-Deep-Dive-With-Lilly-Gaskin-Temple-Hill.png\",\"keywords\":[\"Jesus Christ\",\"Stained glass\",\"The Church of Jesus Christ of Latter-day Saints\",\"Washington DC Temple Visitors' Center\"],\"articleSection\":[\"Education\"],\"inLanguage\":\"es\"},{\"@type\":\"WebPage\",\"@id\":\"https:\\\/\\\/templehill.org\\\/believe-in-him-deep-dive-with-lilly-gaskin\\\/\",\"url\":\"https:\\\/\\\/templehill.org\\\/believe-in-him-deep-dive-with-lilly-gaskin\\\/\",\"name\":\"Believe in Him Deep-Dive With Lilly Gaskin - TempleHill.org\",\"isPartOf\":{\"@id\":\"https:\\\/\\\/templehill.org\\\/zh\\\/#website\"},\"primaryImageOfPage\":{\"@id\":\"https:\\\/\\\/templehill.org\\\/believe-in-him-deep-dive-with-lilly-gaskin\\\/#primaryimage\"},\"image\":{\"@id\":\"https:\\\/\\\/templehill.org\\\/believe-in-him-deep-dive-with-lilly-gaskin\\\/#primaryimage\"},\"thumbnailUrl\":\"https:\\\/\\\/templehill.org\\\/wp-content\\\/uploads\\\/2026\\\/09\\\/Believe-in-Him-Deep-Dive-With-Lilly-Gaskin-Temple-Hill.png\",\"datePublished\":\"2026-09-01T07:00:39+00:00\",\"description\":\"In this interview, discover how Lilly Gaskin helped assemble Believe in Him, a stunning stained glass masterpiece centered on Jesus Christ.\",\"breadcrumb\":{\"@id\":\"https:\\\/\\\/templehill.org\\\/believe-in-him-deep-dive-with-lilly-gaskin\\\/#breadcrumb\"},\"inLanguage\":\"es\",\"potentialAction\":[{\"@type\":\"ReadAction\",\"target\":[\"https:\\\/\\\/templehill.org\\\/believe-in-him-deep-dive-with-lilly-gaskin\\\/\"]}]},{\"@type\":\"ImageObject\",\"inLanguage\":\"es\",\"@id\":\"https:\\\/\\\/templehill.org\\\/believe-in-him-deep-dive-with-lilly-gaskin\\\/#primaryimage\",\"url\":\"https:\\\/\\\/templehill.org\\\/wp-content\\\/uploads\\\/2026\\\/09\\\/Believe-in-Him-Deep-Dive-With-Lilly-Gaskin-Temple-Hill.png\",\"contentUrl\":\"https:\\\/\\\/templehill.org\\\/wp-content\\\/uploads\\\/2026\\\/09\\\/Believe-in-Him-Deep-Dive-With-Lilly-Gaskin-Temple-Hill.png\",\"width\":1200,\"height\":650},{\"@type\":\"BreadcrumbList\",\"@id\":\"https:\\\/\\\/templehill.org\\\/believe-in-him-deep-dive-with-lilly-gaskin\\\/#breadcrumb\",\"itemListElement\":[{\"@type\":\"ListItem\",\"position\":1,\"name\":\"Home\",\"item\":\"https:\\\/\\\/templehill.org\\\/\"},{\"@type\":\"ListItem\",\"position\":2,\"name\":\"Believe in Him Deep-Dive With Lilly Gaskin\"}]},{\"@type\":\"WebSite\",\"@id\":\"https:\\\/\\\/templehill.org\\\/zh\\\/#website\",\"url\":\"https:\\\/\\\/templehill.org\\\/zh\\\/\",\"name\":\"TempleHill.org\",\"description\":\"Feel Welcome. Feel the Spirit. Feel Inspired.\",\"publisher\":{\"@id\":\"https:\\\/\\\/templehill.org\\\/zh\\\/#organization\"},\"potentialAction\":[{\"@type\":\"SearchAction\",\"target\":{\"@type\":\"EntryPoint\",\"urlTemplate\":\"https:\\\/\\\/templehill.org\\\/zh\\\/?s={search_term_string}\"},\"query-input\":{\"@type\":\"PropertyValueSpecification\",\"valueRequired\":true,\"valueName\":\"search_term_string\"}}],\"inLanguage\":\"es\"},{\"@type\":\"Organization\",\"@id\":\"https:\\\/\\\/templehill.org\\\/zh\\\/#organization\",\"name\":\"TempleHill.org\",\"url\":\"https:\\\/\\\/templehill.org\\\/zh\\\/\",\"logo\":{\"@type\":\"ImageObject\",\"inLanguage\":\"es\",\"@id\":\"https:\\\/\\\/templehill.org\\\/zh\\\/#\\\/schema\\\/logo\\\/image\\\/\",\"url\":\"https:\\\/\\\/templehill.org\\\/wp-content\\\/uploads\\\/2020\\\/06\\\/Temple-Hill-Oakland_logo_Stacked.png\",\"contentUrl\":\"https:\\\/\\\/templehill.org\\\/wp-content\\\/uploads\\\/2020\\\/06\\\/Temple-Hill-Oakland_logo_Stacked.png\",\"width\":1291,\"height\":533,\"caption\":\"TempleHill.org\"},\"image\":{\"@id\":\"https:\\\/\\\/templehill.org\\\/zh\\\/#\\\/schema\\\/logo\\\/image\\\/\"},\"sameAs\":[\"https:\\\/\\\/www.facebook.com\\\/OaklandTempleHill\",\"https:\\\/\\\/www.instagram.com\\\/oaklandtemplehill\\\/\"]},{\"@type\":\"Person\",\"@id\":\"https:\\\/\\\/templehill.org\\\/zh\\\/#\\\/schema\\\/person\\\/2be416650857af1896fcfb1105fcdc23\",\"name\":\"Temple Hill\",\"image\":{\"@type\":\"ImageObject\",\"inLanguage\":\"es\",\"@id\":\"https:\\\/\\\/secure.gravatar.com\\\/avatar\\\/83a6fa12f223451e05aeb99b999d83c182060894b442861245eb92c32c466eba?s=96&d=mm&r=g\",\"url\":\"https:\\\/\\\/secure.gravatar.com\\\/avatar\\\/83a6fa12f223451e05aeb99b999d83c182060894b442861245eb92c32c466eba?s=96&d=mm&r=g\",\"contentUrl\":\"https:\\\/\\\/secure.gravatar.com\\\/avatar\\\/83a6fa12f223451e05aeb99b999d83c182060894b442861245eb92c32c466eba?s=96&d=mm&r=g\",\"caption\":\"Temple Hill\"},\"url\":\"http:\\\/\\\/templehill.org\\\/es\\\/author\\\/dallinb\\\/\"}]}<\/script>\n<!-- \/ Yoast SEO plugin. -->","yoast_head_json":{"title":"Believe in Him Deep-Dive With Lilly Gaskin - TempleHill.org","description":"In this interview, discover how Lilly Gaskin helped assemble Believe in Him, a stunning stained glass masterpiece centered on Jesus Christ.","robots":{"index":"index","follow":"follow","max-snippet":"max-snippet:-1","max-image-preview":"max-image-preview:large","max-video-preview":"max-video-preview:-1"},"canonical":"https:\/\/templehill.org\/es\/believe-in-him-deep-dive-with-lilly-gaskin\/","og_locale":"es_MX","og_type":"article","og_title":"Believe in Him Deep-Dive With Lilly Gaskin - TempleHill.org","og_description":"In this interview, discover how Lilly Gaskin helped assemble Believe in Him, a stunning stained glass masterpiece centered on Jesus Christ.","og_url":"https:\/\/templehill.org\/es\/believe-in-him-deep-dive-with-lilly-gaskin\/","og_site_name":"TempleHill.org","article_publisher":"https:\/\/www.facebook.com\/OaklandTempleHill","article_published_time":"2026-09-01T07:00:39+00:00","og_image":[{"width":1200,"height":650,"url":"https:\/\/templehill.org\/wp-content\/uploads\/2026\/09\/Believe-in-Him-Deep-Dive-With-Lilly-Gaskin-Temple-Hill.png","type":"image\/png"}],"author":"Temple Hill","twitter_card":"summary_large_image","twitter_misc":{"Escrito por":"Temple Hill","Tiempo de lectura":"13 minutos"},"schema":{"@context":"https:\/\/schema.org","@graph":[{"@type":"Article","@id":"https:\/\/templehill.org\/believe-in-him-deep-dive-with-lilly-gaskin\/#article","isPartOf":{"@id":"https:\/\/templehill.org\/believe-in-him-deep-dive-with-lilly-gaskin\/"},"author":{"name":"Temple Hill","@id":"https:\/\/templehill.org\/zh\/#\/schema\/person\/2be416650857af1896fcfb1105fcdc23"},"headline":"Believe in Him Deep-Dive With Lilly Gaskin","datePublished":"2026-09-01T07:00:39+00:00","mainEntityOfPage":{"@id":"https:\/\/templehill.org\/believe-in-him-deep-dive-with-lilly-gaskin\/"},"wordCount":2552,"publisher":{"@id":"https:\/\/templehill.org\/zh\/#organization"},"image":{"@id":"https:\/\/templehill.org\/believe-in-him-deep-dive-with-lilly-gaskin\/#primaryimage"},"thumbnailUrl":"https:\/\/templehill.org\/wp-content\/uploads\/2026\/09\/Believe-in-Him-Deep-Dive-With-Lilly-Gaskin-Temple-Hill.png","keywords":["Jesus Christ","Stained glass","The Church of Jesus Christ of Latter-day Saints","Washington DC Temple Visitors' Center"],"articleSection":["Education"],"inLanguage":"es"},{"@type":"WebPage","@id":"https:\/\/templehill.org\/believe-in-him-deep-dive-with-lilly-gaskin\/","url":"https:\/\/templehill.org\/believe-in-him-deep-dive-with-lilly-gaskin\/","name":"Believe in Him Deep-Dive With Lilly Gaskin - TempleHill.org","isPartOf":{"@id":"https:\/\/templehill.org\/zh\/#website"},"primaryImageOfPage":{"@id":"https:\/\/templehill.org\/believe-in-him-deep-dive-with-lilly-gaskin\/#primaryimage"},"image":{"@id":"https:\/\/templehill.org\/believe-in-him-deep-dive-with-lilly-gaskin\/#primaryimage"},"thumbnailUrl":"https:\/\/templehill.org\/wp-content\/uploads\/2026\/09\/Believe-in-Him-Deep-Dive-With-Lilly-Gaskin-Temple-Hill.png","datePublished":"2026-09-01T07:00:39+00:00","description":"In this interview, discover how Lilly Gaskin helped assemble Believe in Him, a stunning stained glass masterpiece centered on Jesus Christ.","breadcrumb":{"@id":"https:\/\/templehill.org\/believe-in-him-deep-dive-with-lilly-gaskin\/#breadcrumb"},"inLanguage":"es","potentialAction":[{"@type":"ReadAction","target":["https:\/\/templehill.org\/believe-in-him-deep-dive-with-lilly-gaskin\/"]}]},{"@type":"ImageObject","inLanguage":"es","@id":"https:\/\/templehill.org\/believe-in-him-deep-dive-with-lilly-gaskin\/#primaryimage","url":"https:\/\/templehill.org\/wp-content\/uploads\/2026\/09\/Believe-in-Him-Deep-Dive-With-Lilly-Gaskin-Temple-Hill.png","contentUrl":"https:\/\/templehill.org\/wp-content\/uploads\/2026\/09\/Believe-in-Him-Deep-Dive-With-Lilly-Gaskin-Temple-Hill.png","width":1200,"height":650},{"@type":"BreadcrumbList","@id":"https:\/\/templehill.org\/believe-in-him-deep-dive-with-lilly-gaskin\/#breadcrumb","itemListElement":[{"@type":"ListItem","position":1,"name":"Home","item":"https:\/\/templehill.org\/"},{"@type":"ListItem","position":2,"name":"Believe in Him Deep-Dive With Lilly Gaskin"}]},{"@type":"WebSite","@id":"https:\/\/templehill.org\/zh\/#website","url":"https:\/\/templehill.org\/zh\/","name":"TempleHill.org","description":"Feel Welcome. Feel the Spirit. Feel Inspired.","publisher":{"@id":"https:\/\/templehill.org\/zh\/#organization"},"potentialAction":[{"@type":"SearchAction","target":{"@type":"EntryPoint","urlTemplate":"https:\/\/templehill.org\/zh\/?s={search_term_string}"},"query-input":{"@type":"PropertyValueSpecification","valueRequired":true,"valueName":"search_term_string"}}],"inLanguage":"es"},{"@type":"Organization","@id":"https:\/\/templehill.org\/zh\/#organization","name":"TempleHill.org","url":"https:\/\/templehill.org\/zh\/","logo":{"@type":"ImageObject","inLanguage":"es","@id":"https:\/\/templehill.org\/zh\/#\/schema\/logo\/image\/","url":"https:\/\/templehill.org\/wp-content\/uploads\/2020\/06\/Temple-Hill-Oakland_logo_Stacked.png","contentUrl":"https:\/\/templehill.org\/wp-content\/uploads\/2020\/06\/Temple-Hill-Oakland_logo_Stacked.png","width":1291,"height":533,"caption":"TempleHill.org"},"image":{"@id":"https:\/\/templehill.org\/zh\/#\/schema\/logo\/image\/"},"sameAs":["https:\/\/www.facebook.com\/OaklandTempleHill","https:\/\/www.instagram.com\/oaklandtemplehill\/"]},{"@type":"Person","@id":"https:\/\/templehill.org\/zh\/#\/schema\/person\/2be416650857af1896fcfb1105fcdc23","name":"Temple Hill","image":{"@type":"ImageObject","inLanguage":"es","@id":"https:\/\/secure.gravatar.com\/avatar\/83a6fa12f223451e05aeb99b999d83c182060894b442861245eb92c32c466eba?s=96&d=mm&r=g","url":"https:\/\/secure.gravatar.com\/avatar\/83a6fa12f223451e05aeb99b999d83c182060894b442861245eb92c32c466eba?s=96&d=mm&r=g","contentUrl":"https:\/\/secure.gravatar.com\/avatar\/83a6fa12f223451e05aeb99b999d83c182060894b442861245eb92c32c466eba?s=96&d=mm&r=g","caption":"Temple Hill"},"url":"http:\/\/templehill.org\/es\/author\/dallinb\/"}]}},"_links":{"self":[{"href":"http:\/\/templehill.org\/es\/wp-json\/wp\/v2\/posts\/9625","targetHints":{"allow":["GET"]}}],"collection":[{"href":"http:\/\/templehill.org\/es\/wp-json\/wp\/v2\/posts"}],"about":[{"href":"http:\/\/templehill.org\/es\/wp-json\/wp\/v2\/types\/post"}],"author":[{"embeddable":true,"href":"http:\/\/templehill.org\/es\/wp-json\/wp\/v2\/users\/20"}],"replies":[{"embeddable":true,"href":"http:\/\/templehill.org\/es\/wp-json\/wp\/v2\/comments?post=9625"}],"version-history":[{"count":20,"href":"http:\/\/templehill.org\/es\/wp-json\/wp\/v2\/posts\/9625\/revisions"}],"predecessor-version":[{"id":14787,"href":"http:\/\/templehill.org\/es\/wp-json\/wp\/v2\/posts\/9625\/revisions\/14787"}],"wp:featuredmedia":[{"embeddable":true,"href":"http:\/\/templehill.org\/es\/wp-json\/wp\/v2\/media\/14757"}],"wp:attachment":[{"href":"http:\/\/templehill.org\/es\/wp-json\/wp\/v2\/media?parent=9625"}],"wp:term":[{"taxonomy":"category","embeddable":true,"href":"http:\/\/templehill.org\/es\/wp-json\/wp\/v2\/categories?post=9625"},{"taxonomy":"post_tag","embeddable":true,"href":"http:\/\/templehill.org\/es\/wp-json\/wp\/v2\/tags?post=9625"}],"curies":[{"name":"wp","href":"https:\/\/api.w.org\/{rel}","templated":true}]}},{"id":14799,"date":"2026-08-31T10:34:08","date_gmt":"2026-08-31T17:34:08","guid":{"rendered":"https:\/\/templehill.org\/?p=14799"},"modified":"2026-09-01T07:23:19","modified_gmt":"2026-09-01T14:23:19","slug":"new-stained-glass-exhibit-highlights-the-life-of-jesus-christ","status":"publish","type":"post","link":"http:\/\/templehill.org\/es\/new-stained-glass-exhibit-highlights-the-life-of-jesus-christ\/","title":{"rendered":"Una nueva exposici\u00f3n de vidrieras destaca la vida de Jesucristo."},"content":{"rendered":"<p class=\"wp-block-paragraph\">Por: Dallin Butler, <a href=\"https:\/\/goforthfoundation.org\/\">Fundaci\u00f3n GoForth<\/a><\/p>\n\n\n\n<p class=\"wp-block-paragraph\">On September 1st, 2026, the Oakland Temple Visitors\u2019 Center will reopen to the public after an extensive summer renovation. The improvements range from replacing outdated HVAC and lighting systems to adding a beautiful new stained glass exhibit.\u00a0<\/p>\n\n\n\n<p class=\"wp-block-paragraph\">\u201cTrabajar aqu\u00ed ha sido incre\u00edble\u201d, enfatiz\u00f3 Marcus Wolfgram durante una reciente <a href=\"https:\/\/www.facebook.com\/reel\/1013713601460896\" target=\"_blank\" rel=\"noreferrer noopener\">Publicaci\u00f3n de Facebook.<\/a> Marcus es el superintendente a cargo de las ampliaciones del Centro de Visitantes. \u2019Es diferente cuando llegas y ves el templo todos los d\u00edas de fondo, lo que nos recuerda la sacralidad del trabajo que se realiza aqu\u00ed, en los terrenos del templo\u201c.\u201d<\/p>\n\n\n\n<figure class=\"wp-block-gallery has-nested-images columns-default is-cropped wp-block-gallery-1 is-layout-flex wp-block-gallery-is-layout-flex\">\n<figure class=\"wp-block-image size-large\"><img fetchpriority=\"high\" decoding=\"async\" width=\"768\" height=\"1024\" data-id=\"14802\" src=\"https:\/\/templehill.org\/wp-content\/uploads\/2026\/08\/View-of-Oakland-during-new-rennovations-768x1024.jpg\" alt=\"\" class=\"wp-image-14802\" srcset=\"https:\/\/templehill.org\/wp-content\/uploads\/2026\/08\/View-of-Oakland-during-new-rennovations-768x1024.jpg 768w, https:\/\/templehill.org\/wp-content\/uploads\/2026\/08\/View-of-Oakland-during-new-rennovations-225x300.jpg 225w, https:\/\/templehill.org\/wp-content\/uploads\/2026\/08\/View-of-Oakland-during-new-rennovations-9x12.jpg 9w, https:\/\/templehill.org\/wp-content\/uploads\/2026\/08\/View-of-Oakland-during-new-rennovations.jpg 810w\" sizes=\"(max-width: 768px) 100vw, 768px\" \/><\/figure>\n\n\n\n<figure class=\"wp-block-image size-large\"><img decoding=\"async\" width=\"768\" height=\"1024\" data-id=\"14800\" src=\"https:\/\/templehill.org\/wp-content\/uploads\/2026\/08\/Christus-in-Box-Oakland-Temple-Visitors-Center-Rennovations-768x1024.jpg\" alt=\"\" class=\"wp-image-14800\" srcset=\"https:\/\/templehill.org\/wp-content\/uploads\/2026\/08\/Christus-in-Box-Oakland-Temple-Visitors-Center-Rennovations-768x1024.jpg 768w, https:\/\/templehill.org\/wp-content\/uploads\/2026\/08\/Christus-in-Box-Oakland-Temple-Visitors-Center-Rennovations-225x300.jpg 225w, https:\/\/templehill.org\/wp-content\/uploads\/2026\/08\/Christus-in-Box-Oakland-Temple-Visitors-Center-Rennovations-9x12.jpg 9w, https:\/\/templehill.org\/wp-content\/uploads\/2026\/08\/Christus-in-Box-Oakland-Temple-Visitors-Center-Rennovations.jpg 810w\" sizes=\"(max-width: 768px) 100vw, 768px\" \/><\/figure>\n\n\n\n<figure class=\"wp-block-image size-large\"><img decoding=\"async\" width=\"1024\" height=\"768\" data-id=\"14801\" src=\"https:\/\/templehill.org\/wp-content\/uploads\/2026\/08\/Cleared-Away-Rubble-Oakland-Temple-Visitors-Center-1024x768.jpg\" alt=\"\" class=\"wp-image-14801\" srcset=\"https:\/\/templehill.org\/wp-content\/uploads\/2026\/08\/Cleared-Away-Rubble-Oakland-Temple-Visitors-Center-1024x768.jpg 1024w, https:\/\/templehill.org\/wp-content\/uploads\/2026\/08\/Cleared-Away-Rubble-Oakland-Temple-Visitors-Center-300x225.jpg 300w, https:\/\/templehill.org\/wp-content\/uploads\/2026\/08\/Cleared-Away-Rubble-Oakland-Temple-Visitors-Center-768x576.jpg 768w, https:\/\/templehill.org\/wp-content\/uploads\/2026\/08\/Cleared-Away-Rubble-Oakland-Temple-Visitors-Center-16x12.jpg 16w, https:\/\/templehill.org\/wp-content\/uploads\/2026\/08\/Cleared-Away-Rubble-Oakland-Temple-Visitors-Center.jpg 1080w\" sizes=\"(max-width: 1024px) 100vw, 1024px\" \/><\/figure>\n\n\n\n<figure class=\"wp-block-image size-large\"><img loading=\"lazy\" decoding=\"async\" width=\"1024\" height=\"768\" data-id=\"14805\" src=\"https:\/\/templehill.org\/wp-content\/uploads\/2026\/08\/Visitors-Center-Rubble-From-Old-Exhibits-Oakland-Temple-Visitors-Center-1024x768.jpg\" alt=\"\" class=\"wp-image-14805\" srcset=\"https:\/\/templehill.org\/wp-content\/uploads\/2026\/08\/Visitors-Center-Rubble-From-Old-Exhibits-Oakland-Temple-Visitors-Center-1024x768.jpg 1024w, https:\/\/templehill.org\/wp-content\/uploads\/2026\/08\/Visitors-Center-Rubble-From-Old-Exhibits-Oakland-Temple-Visitors-Center-300x225.jpg 300w, https:\/\/templehill.org\/wp-content\/uploads\/2026\/08\/Visitors-Center-Rubble-From-Old-Exhibits-Oakland-Temple-Visitors-Center-768x576.jpg 768w, https:\/\/templehill.org\/wp-content\/uploads\/2026\/08\/Visitors-Center-Rubble-From-Old-Exhibits-Oakland-Temple-Visitors-Center-1536x1152.jpg 1536w, https:\/\/templehill.org\/wp-content\/uploads\/2026\/08\/Visitors-Center-Rubble-From-Old-Exhibits-Oakland-Temple-Visitors-Center-16x12.jpg 16w, https:\/\/templehill.org\/wp-content\/uploads\/2026\/08\/Visitors-Center-Rubble-From-Old-Exhibits-Oakland-Temple-Visitors-Center-1568x1176.jpg 1568w, https:\/\/templehill.org\/wp-content\/uploads\/2026\/08\/Visitors-Center-Rubble-From-Old-Exhibits-Oakland-Temple-Visitors-Center.jpg 2048w\" sizes=\"(max-width: 1024px) 100vw, 1024px\" \/><\/figure>\n\n\n\n<figure class=\"wp-block-image size-large\"><img loading=\"lazy\" decoding=\"async\" width=\"1024\" height=\"768\" data-id=\"14804\" src=\"https:\/\/templehill.org\/wp-content\/uploads\/2026\/08\/Old-Exhibits-Rubble-Oakland-Temple-Visitors-Center-1024x768.jpg\" alt=\"\" class=\"wp-image-14804\" srcset=\"https:\/\/templehill.org\/wp-content\/uploads\/2026\/08\/Old-Exhibits-Rubble-Oakland-Temple-Visitors-Center-1024x768.jpg 1024w, https:\/\/templehill.org\/wp-content\/uploads\/2026\/08\/Old-Exhibits-Rubble-Oakland-Temple-Visitors-Center-300x225.jpg 300w, https:\/\/templehill.org\/wp-content\/uploads\/2026\/08\/Old-Exhibits-Rubble-Oakland-Temple-Visitors-Center-768x576.jpg 768w, https:\/\/templehill.org\/wp-content\/uploads\/2026\/08\/Old-Exhibits-Rubble-Oakland-Temple-Visitors-Center-1536x1152.jpg 1536w, https:\/\/templehill.org\/wp-content\/uploads\/2026\/08\/Old-Exhibits-Rubble-Oakland-Temple-Visitors-Center-16x12.jpg 16w, https:\/\/templehill.org\/wp-content\/uploads\/2026\/08\/Old-Exhibits-Rubble-Oakland-Temple-Visitors-Center-1568x1176.jpg 1568w, https:\/\/templehill.org\/wp-content\/uploads\/2026\/08\/Old-Exhibits-Rubble-Oakland-Temple-Visitors-Center.jpg 2048w\" sizes=\"(max-width: 1024px) 100vw, 1024px\" \/><\/figure>\n\n\n\n<figure class=\"wp-block-image size-large\"><img loading=\"lazy\" decoding=\"async\" width=\"1024\" height=\"768\" data-id=\"14803\" src=\"https:\/\/templehill.org\/wp-content\/uploads\/2026\/08\/Torn-Down-Displays-in-Visitors-Center-1024x768.jpg\" alt=\"\" class=\"wp-image-14803\" srcset=\"https:\/\/templehill.org\/wp-content\/uploads\/2026\/08\/Torn-Down-Displays-in-Visitors-Center-1024x768.jpg 1024w, https:\/\/templehill.org\/wp-content\/uploads\/2026\/08\/Torn-Down-Displays-in-Visitors-Center-300x225.jpg 300w, https:\/\/templehill.org\/wp-content\/uploads\/2026\/08\/Torn-Down-Displays-in-Visitors-Center-768x576.jpg 768w, https:\/\/templehill.org\/wp-content\/uploads\/2026\/08\/Torn-Down-Displays-in-Visitors-Center-1536x1152.jpg 1536w, https:\/\/templehill.org\/wp-content\/uploads\/2026\/08\/Torn-Down-Displays-in-Visitors-Center-16x12.jpg 16w, https:\/\/templehill.org\/wp-content\/uploads\/2026\/08\/Torn-Down-Displays-in-Visitors-Center-1568x1176.jpg 1568w, https:\/\/templehill.org\/wp-content\/uploads\/2026\/08\/Torn-Down-Displays-in-Visitors-Center.jpg 2048w\" sizes=\"(max-width: 1024px) 100vw, 1024px\" \/><\/figure>\n<\/figure>\n\n\n\n<p class=\"wp-block-paragraph\">Clearing out the demolished fixtures made room for the <em>Christus <\/em>La estatua ser\u00e1 reinstalada en su ubicaci\u00f3n anterior, algo que a Wolfgram le encantaba ver cuando llegaba al lugar para trabajar con su equipo. \u201cCuando entras al edificio\u2026 lo primero que ves es la <em>Christus <\/em>La estatua nos recuerda que Jesucristo est\u00e1 ah\u00ed fuera. Jesucristo es el Salvador del mundo, y cuanto m\u00e1s intentemos conocerlo y acercarnos a \u00e9l, m\u00e1s paz y alegr\u00eda tendremos en esta vida.\u201d<\/p>\n\n\n\n<figure class=\"wp-block-image size-large\"><img loading=\"lazy\" decoding=\"async\" width=\"1024\" height=\"576\" src=\"https:\/\/templehill.org\/wp-content\/uploads\/2020\/11\/Oakland-Temple-Hill-Visitors-Center-Christus-edited-1024x576.webp\" alt=\"\" class=\"wp-image-3115\" srcset=\"https:\/\/templehill.org\/wp-content\/uploads\/2020\/11\/Oakland-Temple-Hill-Visitors-Center-Christus-edited-1024x576.webp 1024w, https:\/\/templehill.org\/wp-content\/uploads\/2020\/11\/Oakland-Temple-Hill-Visitors-Center-Christus-edited-300x169.webp 300w, https:\/\/templehill.org\/wp-content\/uploads\/2020\/11\/Oakland-Temple-Hill-Visitors-Center-Christus-edited-768x432.webp 768w, https:\/\/templehill.org\/wp-content\/uploads\/2020\/11\/Oakland-Temple-Hill-Visitors-Center-Christus-edited-16x9.webp 16w, https:\/\/templehill.org\/wp-content\/uploads\/2020\/11\/Oakland-Temple-Hill-Visitors-Center-Christus-edited-1228x691.webp 1228w, https:\/\/templehill.org\/wp-content\/uploads\/2020\/11\/Oakland-Temple-Hill-Visitors-Center-Christus-edited-614x346.webp 614w, https:\/\/templehill.org\/wp-content\/uploads\/2020\/11\/Oakland-Temple-Hill-Visitors-Center-Christus-edited-295x166.webp 295w, https:\/\/templehill.org\/wp-content\/uploads\/2020\/11\/Oakland-Temple-Hill-Visitors-Center-Christus-edited.webp 1491w\" sizes=\"(max-width: 1024px) 100vw, 1024px\" \/><figcaption class=\"wp-element-caption\">Los brazos extendidos de la <em>Christus <\/em>Las estatuas son un recordatorio constante de la bondad amorosa del Salvador, invitando a todos a acercarse a \u00c9l.&nbsp;<\/figcaption><\/figure>\n\n\n\n<p class=\"wp-block-paragraph\">Adem\u00e1s de solucionar problemas mec\u00e1nicos y modernizar las instalaciones, se ha instalado una nueva exposici\u00f3n de vidrieras: <em>Cree en \u00c9l.&nbsp;<\/em><\/p>\n\n\n\n<figure class=\"wp-block-image size-full\"><img loading=\"lazy\" decoding=\"async\" width=\"2560\" height=\"1164\" src=\"https:\/\/templehill.org\/wp-content\/uploads\/2026\/08\/Believe-in-Him-Exhibit-Washington-DC-Temple-Visitors-Center.jpg\" alt=\"\" class=\"wp-image-14675\" srcset=\"https:\/\/templehill.org\/wp-content\/uploads\/2026\/08\/Believe-in-Him-Exhibit-Washington-DC-Temple-Visitors-Center.jpg 2560w, https:\/\/templehill.org\/wp-content\/uploads\/2026\/08\/Believe-in-Him-Exhibit-Washington-DC-Temple-Visitors-Center-300x136.jpg 300w, https:\/\/templehill.org\/wp-content\/uploads\/2026\/08\/Believe-in-Him-Exhibit-Washington-DC-Temple-Visitors-Center-1024x466.jpg 1024w, https:\/\/templehill.org\/wp-content\/uploads\/2026\/08\/Believe-in-Him-Exhibit-Washington-DC-Temple-Visitors-Center-768x349.jpg 768w, https:\/\/templehill.org\/wp-content\/uploads\/2026\/08\/Believe-in-Him-Exhibit-Washington-DC-Temple-Visitors-Center-1536x698.jpg 1536w, https:\/\/templehill.org\/wp-content\/uploads\/2026\/08\/Believe-in-Him-Exhibit-Washington-DC-Temple-Visitors-Center-2048x931.jpg 2048w, https:\/\/templehill.org\/wp-content\/uploads\/2026\/08\/Believe-in-Him-Exhibit-Washington-DC-Temple-Visitors-Center-18x8.jpg 18w, https:\/\/templehill.org\/wp-content\/uploads\/2026\/08\/Believe-in-Him-Exhibit-Washington-DC-Temple-Visitors-Center-1568x713.jpg 1568w\" sizes=\"(max-width: 2560px) 100vw, 2560px\" \/><\/figure>\n\n\n\n<p class=\"wp-block-paragraph\">This masterpiece in stained glass highlights Biblical stories of Jesus Christ\u2019s life, teachings, and miracles. At eight feet tall, each of the seven panels is a spectacular showcase of the role light can play in art. To celebrate the new showcase exhibit at the Visitors&#8217; Center, two featured sections have been added to <a href=\"http:\/\/templehill.org\/es\/\">TempleHill.org:<\/a> an exclusive <a href=\"https:\/\/templehill.org\/es\/believe-in-him-deep-dive-with-lilly-gaskin\/\">entrevista con Lilly Gaskin,<\/a> a BYU student who helped assemble the stained glass and create narration for an interactive visitor application, and a <a href=\"https:\/\/templehill.org\/es\/believe-in-him\/\">new section<\/a> destacando el <a href=\"https:\/\/templehill.org\/es\/believe-in-him\/symbolism\/\">simbolismo<\/a> woven throughout the light, colors, and stories of <em>Cree en \u00c9l.<\/em><\/p>\n\n\n\n<figure class=\"wp-block-image size-full\"><img loading=\"lazy\" decoding=\"async\" width=\"1000\" height=\"800\" src=\"https:\/\/templehill.org\/wp-content\/uploads\/2026\/08\/Believe-in-Him-App-Believe-in-Him-Stained-Glass-Exhibit-Washington-DC-Temple-Visitors-Center.jpg\" alt=\"\" class=\"wp-image-14677\" srcset=\"https:\/\/templehill.org\/wp-content\/uploads\/2026\/08\/Believe-in-Him-App-Believe-in-Him-Stained-Glass-Exhibit-Washington-DC-Temple-Visitors-Center.jpg 1000w, https:\/\/templehill.org\/wp-content\/uploads\/2026\/08\/Believe-in-Him-App-Believe-in-Him-Stained-Glass-Exhibit-Washington-DC-Temple-Visitors-Center-300x240.jpg 300w, https:\/\/templehill.org\/wp-content\/uploads\/2026\/08\/Believe-in-Him-App-Believe-in-Him-Stained-Glass-Exhibit-Washington-DC-Temple-Visitors-Center-768x614.jpg 768w, https:\/\/templehill.org\/wp-content\/uploads\/2026\/08\/Believe-in-Him-App-Believe-in-Him-Stained-Glass-Exhibit-Washington-DC-Temple-Visitors-Center-15x12.jpg 15w\" sizes=\"(max-width: 1000px) 100vw, 1000px\" \/><\/figure>\n\n\n\n<p class=\"wp-block-paragraph\">The interactive application uses AR, or augmented reality, to help visitors experience stained glass in a new way. Using the camera on their phone, visitors can scan the stained glass in front of them, and the glass transforms from a marvelous two-dimensional window into an interactive wonder. Tapping on the figures present in the app plays audio highlighting Bible scripture stories. The narration features Lilly Gaskin&#8217;s written work and the voice talent of both Lilly and her father.<\/p>\n\n\n\n<p class=\"wp-block-paragraph\">\u201cS\u00e9 que ese vaso perdurar\u00e1 por siglos\u201d, coment\u00f3 Gaskin durante la entrevista. \u201cEl vidrio no se desgasta. Permanecer\u00e1 para siempre\u2026 Ese es el objetivo. Saber que lo hago para el Se\u00f1or y para su obra me da la seguridad de que lo que hago tiene sentido\u201d.\u201d<\/p>\n\n\n\n<p class=\"wp-block-paragraph\">Explora el nuevo <em>Cree en \u00c9l <\/em>stained glass exhibit, open daily to the public starting September 1, 2026, from 9:00 AM to 9:00 PM. All are welcome, and entrance and parking are free.<\/p>\n\n\n\n<p class=\"wp-block-paragraph\">Para obtener m\u00e1s informaci\u00f3n, consulte el nuevo <em>Cree en \u00c9l<\/em> parte de TempleHill.org <a href=\"https:\/\/templehill.org\/es\/believe-in-him\/\">aqu\u00ed.<\/a><\/p>\n\n\n\n<p class=\"wp-block-paragraph\">los <em>Cree en \u00c9l<\/em> La aplicaci\u00f3n interactiva est\u00e1 disponible en el <a href=\"https:\/\/apps.apple.com\/us\/app\/believe-in-him\/id6447086349\">Tienda de aplicaciones de Apple<\/a> y <a href=\"https:\/\/play.google.com\/store\/apps\/details?id=com.animateart.believeinhim&amp;hl=en_US\">Google Play.<\/a> \u00a1Descarga la aplicaci\u00f3n gratuita para disfrutar de la mejor experiencia durante tu visita!<\/p>","protected":false},"excerpt":{"rendered":"<p>By: Dallin Butler, GoForth Foundation On September 1st, 2026, the Oakland Temple Visitors\u2019 Center will reopen to the public after an extensive summer renovation. The improvements range from replacing outdated [&hellip;]<\/p>\n","protected":false},"author":20,"featured_media":14676,"comment_status":"closed","ping_status":"open","sticky":false,"template":"","format":"standard","meta":{"_price":"","_stock":"","_tribe_ticket_header":"","_tribe_default_ticket_provider":"","_tribe_ticket_capacity":"0","_ticket_start_date":"","_ticket_end_date":"","_tribe_ticket_show_description":"","_tribe_ticket_show_not_going":false,"_tribe_ticket_use_global_stock":"","_tribe_ticket_global_stock_level":"","_global_stock_mode":"","_global_stock_cap":"","_tribe_rsvp_for_event":"","_tribe_ticket_going_count":"","_tribe_ticket_not_going_count":"","_tribe_tickets_list":"[]","_tribe_ticket_has_attendee_info_fields":false,"footnotes":""},"categories":[74],"tags":[102,151],"class_list":["post-14799","post","type-post","status-publish","format-standard","has-post-thumbnail","hentry","category-facilities","tag-news","tag-visitors-center","entry"],"yoast_head":"<!-- This site is optimized with the Yoast SEO plugin v28.4 - https:\/\/yoast.com\/product\/yoast-seo-wordpress\/ -->\n<title>New Stained Glass Exhibit Highlights the Life of Jesus Christ - TempleHill.org<\/title>\n<meta name=\"robots\" content=\"index, follow, max-snippet:-1, max-image-preview:large, max-video-preview:-1\" \/>\n<link rel=\"canonical\" href=\"https:\/\/templehill.org\/es\/new-stained-glass-exhibit-highlights-the-life-of-jesus-christ\/\" \/>\n<meta property=\"og:locale\" content=\"es_MX\" \/>\n<meta property=\"og:type\" content=\"article\" \/>\n<meta property=\"og:title\" content=\"New Stained Glass Exhibit Highlights the Life of Jesus Christ - TempleHill.org\" \/>\n<meta property=\"og:description\" content=\"By: Dallin Butler, GoForth Foundation On September 1st, 2026, the Oakland Temple Visitors\u2019 Center will reopen to the public after an extensive summer renovation. The improvements range from replacing outdated [&hellip;]\" \/>\n<meta property=\"og:url\" content=\"https:\/\/templehill.org\/es\/new-stained-glass-exhibit-highlights-the-life-of-jesus-christ\/\" \/>\n<meta property=\"og:site_name\" content=\"TempleHill.org\" \/>\n<meta property=\"article:publisher\" content=\"https:\/\/www.facebook.com\/OaklandTempleHill\" \/>\n<meta property=\"article:published_time\" content=\"2026-08-31T17:34:08+00:00\" \/>\n<meta property=\"article:modified_time\" content=\"2026-09-01T14:23:19+00:00\" \/>\n<meta property=\"og:image\" content=\"https:\/\/templehill.org\/wp-content\/uploads\/2026\/08\/Jesus-Christ-Believe-in-Him-Stained-Glass-Exhibit-Washington-DC-Temple-Visitors-Center.jpg\" \/>\n\t<meta property=\"og:image:width\" content=\"1000\" \/>\n\t<meta property=\"og:image:height\" content=\"800\" \/>\n\t<meta property=\"og:image:type\" content=\"image\/jpeg\" \/>\n<meta name=\"author\" content=\"Temple Hill\" \/>\n<meta name=\"twitter:card\" content=\"summary_large_image\" \/>\n<meta name=\"twitter:label1\" content=\"Escrito por\" \/>\n\t<meta name=\"twitter:data1\" content=\"Temple Hill\" \/>\n\t<meta name=\"twitter:label2\" content=\"Tiempo de lectura\" \/>\n\t<meta name=\"twitter:data2\" content=\"5 minutos\" \/>\n<script type=\"application\/ld+json\" class=\"yoast-schema-graph\">{\"@context\":\"https:\\\/\\\/schema.org\",\"@graph\":[{\"@type\":\"Article\",\"@id\":\"https:\\\/\\\/templehill.org\\\/new-stained-glass-exhibit-highlights-the-life-of-jesus-christ\\\/#article\",\"isPartOf\":{\"@id\":\"https:\\\/\\\/templehill.org\\\/new-stained-glass-exhibit-highlights-the-life-of-jesus-christ\\\/\"},\"author\":{\"name\":\"Temple Hill\",\"@id\":\"https:\\\/\\\/templehill.org\\\/zh\\\/#\\\/schema\\\/person\\\/2be416650857af1896fcfb1105fcdc23\"},\"headline\":\"New Stained Glass Exhibit Highlights the Life of Jesus Christ\",\"datePublished\":\"2026-08-31T17:34:08+00:00\",\"dateModified\":\"2026-09-01T14:23:19+00:00\",\"mainEntityOfPage\":{\"@id\":\"https:\\\/\\\/templehill.org\\\/new-stained-glass-exhibit-highlights-the-life-of-jesus-christ\\\/\"},\"wordCount\":539,\"publisher\":{\"@id\":\"https:\\\/\\\/templehill.org\\\/zh\\\/#organization\"},\"image\":{\"@id\":\"https:\\\/\\\/templehill.org\\\/new-stained-glass-exhibit-highlights-the-life-of-jesus-christ\\\/#primaryimage\"},\"thumbnailUrl\":\"https:\\\/\\\/templehill.org\\\/wp-content\\\/uploads\\\/2026\\\/08\\\/Jesus-Christ-Believe-in-Him-Stained-Glass-Exhibit-Washington-DC-Temple-Visitors-Center.jpg\",\"keywords\":[\"news\",\"Visitors' Center\"],\"articleSection\":[\"Facilities\"],\"inLanguage\":\"es\"},{\"@type\":\"WebPage\",\"@id\":\"https:\\\/\\\/templehill.org\\\/new-stained-glass-exhibit-highlights-the-life-of-jesus-christ\\\/\",\"url\":\"https:\\\/\\\/templehill.org\\\/new-stained-glass-exhibit-highlights-the-life-of-jesus-christ\\\/\",\"name\":\"New Stained Glass Exhibit Highlights the Life of Jesus Christ - TempleHill.org\",\"isPartOf\":{\"@id\":\"https:\\\/\\\/templehill.org\\\/zh\\\/#website\"},\"primaryImageOfPage\":{\"@id\":\"https:\\\/\\\/templehill.org\\\/new-stained-glass-exhibit-highlights-the-life-of-jesus-christ\\\/#primaryimage\"},\"image\":{\"@id\":\"https:\\\/\\\/templehill.org\\\/new-stained-glass-exhibit-highlights-the-life-of-jesus-christ\\\/#primaryimage\"},\"thumbnailUrl\":\"https:\\\/\\\/templehill.org\\\/wp-content\\\/uploads\\\/2026\\\/08\\\/Jesus-Christ-Believe-in-Him-Stained-Glass-Exhibit-Washington-DC-Temple-Visitors-Center.jpg\",\"datePublished\":\"2026-08-31T17:34:08+00:00\",\"dateModified\":\"2026-09-01T14:23:19+00:00\",\"breadcrumb\":{\"@id\":\"https:\\\/\\\/templehill.org\\\/new-stained-glass-exhibit-highlights-the-life-of-jesus-christ\\\/#breadcrumb\"},\"inLanguage\":\"es\",\"potentialAction\":[{\"@type\":\"ReadAction\",\"target\":[\"https:\\\/\\\/templehill.org\\\/new-stained-glass-exhibit-highlights-the-life-of-jesus-christ\\\/\"]}]},{\"@type\":\"ImageObject\",\"inLanguage\":\"es\",\"@id\":\"https:\\\/\\\/templehill.org\\\/new-stained-glass-exhibit-highlights-the-life-of-jesus-christ\\\/#primaryimage\",\"url\":\"https:\\\/\\\/templehill.org\\\/wp-content\\\/uploads\\\/2026\\\/08\\\/Jesus-Christ-Believe-in-Him-Stained-Glass-Exhibit-Washington-DC-Temple-Visitors-Center.jpg\",\"contentUrl\":\"https:\\\/\\\/templehill.org\\\/wp-content\\\/uploads\\\/2026\\\/08\\\/Jesus-Christ-Believe-in-Him-Stained-Glass-Exhibit-Washington-DC-Temple-Visitors-Center.jpg\",\"width\":1000,\"height\":800},{\"@type\":\"BreadcrumbList\",\"@id\":\"https:\\\/\\\/templehill.org\\\/new-stained-glass-exhibit-highlights-the-life-of-jesus-christ\\\/#breadcrumb\",\"itemListElement\":[{\"@type\":\"ListItem\",\"position\":1,\"name\":\"Home\",\"item\":\"https:\\\/\\\/templehill.org\\\/\"},{\"@type\":\"ListItem\",\"position\":2,\"name\":\"New Stained Glass Exhibit Highlights the Life of Jesus Christ\"}]},{\"@type\":\"WebSite\",\"@id\":\"https:\\\/\\\/templehill.org\\\/zh\\\/#website\",\"url\":\"https:\\\/\\\/templehill.org\\\/zh\\\/\",\"name\":\"TempleHill.org\",\"description\":\"Feel Welcome. Feel the Spirit. Feel Inspired.\",\"publisher\":{\"@id\":\"https:\\\/\\\/templehill.org\\\/zh\\\/#organization\"},\"potentialAction\":[{\"@type\":\"SearchAction\",\"target\":{\"@type\":\"EntryPoint\",\"urlTemplate\":\"https:\\\/\\\/templehill.org\\\/zh\\\/?s={search_term_string}\"},\"query-input\":{\"@type\":\"PropertyValueSpecification\",\"valueRequired\":true,\"valueName\":\"search_term_string\"}}],\"inLanguage\":\"es\"},{\"@type\":\"Organization\",\"@id\":\"https:\\\/\\\/templehill.org\\\/zh\\\/#organization\",\"name\":\"TempleHill.org\",\"url\":\"https:\\\/\\\/templehill.org\\\/zh\\\/\",\"logo\":{\"@type\":\"ImageObject\",\"inLanguage\":\"es\",\"@id\":\"https:\\\/\\\/templehill.org\\\/zh\\\/#\\\/schema\\\/logo\\\/image\\\/\",\"url\":\"https:\\\/\\\/templehill.org\\\/wp-content\\\/uploads\\\/2020\\\/06\\\/Temple-Hill-Oakland_logo_Stacked.png\",\"contentUrl\":\"https:\\\/\\\/templehill.org\\\/wp-content\\\/uploads\\\/2020\\\/06\\\/Temple-Hill-Oakland_logo_Stacked.png\",\"width\":1291,\"height\":533,\"caption\":\"TempleHill.org\"},\"image\":{\"@id\":\"https:\\\/\\\/templehill.org\\\/zh\\\/#\\\/schema\\\/logo\\\/image\\\/\"},\"sameAs\":[\"https:\\\/\\\/www.facebook.com\\\/OaklandTempleHill\",\"https:\\\/\\\/www.instagram.com\\\/oaklandtemplehill\\\/\"]},{\"@type\":\"Person\",\"@id\":\"https:\\\/\\\/templehill.org\\\/zh\\\/#\\\/schema\\\/person\\\/2be416650857af1896fcfb1105fcdc23\",\"name\":\"Temple Hill\",\"image\":{\"@type\":\"ImageObject\",\"inLanguage\":\"es\",\"@id\":\"https:\\\/\\\/secure.gravatar.com\\\/avatar\\\/83a6fa12f223451e05aeb99b999d83c182060894b442861245eb92c32c466eba?s=96&d=mm&r=g\",\"url\":\"https:\\\/\\\/secure.gravatar.com\\\/avatar\\\/83a6fa12f223451e05aeb99b999d83c182060894b442861245eb92c32c466eba?s=96&d=mm&r=g\",\"contentUrl\":\"https:\\\/\\\/secure.gravatar.com\\\/avatar\\\/83a6fa12f223451e05aeb99b999d83c182060894b442861245eb92c32c466eba?s=96&d=mm&r=g\",\"caption\":\"Temple Hill\"},\"url\":\"http:\\\/\\\/templehill.org\\\/es\\\/author\\\/dallinb\\\/\"}]}<\/script>\n<!-- \/ Yoast SEO plugin. -->","yoast_head_json":{"title":"New Stained Glass Exhibit Highlights the Life of Jesus Christ - TempleHill.org","robots":{"index":"index","follow":"follow","max-snippet":"max-snippet:-1","max-image-preview":"max-image-preview:large","max-video-preview":"max-video-preview:-1"},"canonical":"https:\/\/templehill.org\/es\/new-stained-glass-exhibit-highlights-the-life-of-jesus-christ\/","og_locale":"es_MX","og_type":"article","og_title":"New Stained Glass Exhibit Highlights the Life of Jesus Christ - TempleHill.org","og_description":"By: Dallin Butler, GoForth Foundation On September 1st, 2026, the Oakland Temple Visitors\u2019 Center will reopen to the public after an extensive summer renovation. The improvements range from replacing outdated [&hellip;]","og_url":"https:\/\/templehill.org\/es\/new-stained-glass-exhibit-highlights-the-life-of-jesus-christ\/","og_site_name":"TempleHill.org","article_publisher":"https:\/\/www.facebook.com\/OaklandTempleHill","article_published_time":"2026-08-31T17:34:08+00:00","article_modified_time":"2026-09-01T14:23:19+00:00","og_image":[{"width":1000,"height":800,"url":"https:\/\/templehill.org\/wp-content\/uploads\/2026\/08\/Jesus-Christ-Believe-in-Him-Stained-Glass-Exhibit-Washington-DC-Temple-Visitors-Center.jpg","type":"image\/jpeg"}],"author":"Temple Hill","twitter_card":"summary_large_image","twitter_misc":{"Escrito por":"Temple Hill","Tiempo de lectura":"5 minutos"},"schema":{"@context":"https:\/\/schema.org","@graph":[{"@type":"Article","@id":"https:\/\/templehill.org\/new-stained-glass-exhibit-highlights-the-life-of-jesus-christ\/#article","isPartOf":{"@id":"https:\/\/templehill.org\/new-stained-glass-exhibit-highlights-the-life-of-jesus-christ\/"},"author":{"name":"Temple Hill","@id":"https:\/\/templehill.org\/zh\/#\/schema\/person\/2be416650857af1896fcfb1105fcdc23"},"headline":"New Stained Glass Exhibit Highlights the Life of Jesus Christ","datePublished":"2026-08-31T17:34:08+00:00","dateModified":"2026-09-01T14:23:19+00:00","mainEntityOfPage":{"@id":"https:\/\/templehill.org\/new-stained-glass-exhibit-highlights-the-life-of-jesus-christ\/"},"wordCount":539,"publisher":{"@id":"https:\/\/templehill.org\/zh\/#organization"},"image":{"@id":"https:\/\/templehill.org\/new-stained-glass-exhibit-highlights-the-life-of-jesus-christ\/#primaryimage"},"thumbnailUrl":"https:\/\/templehill.org\/wp-content\/uploads\/2026\/08\/Jesus-Christ-Believe-in-Him-Stained-Glass-Exhibit-Washington-DC-Temple-Visitors-Center.jpg","keywords":["news","Visitors' Center"],"articleSection":["Facilities"],"inLanguage":"es"},{"@type":"WebPage","@id":"https:\/\/templehill.org\/new-stained-glass-exhibit-highlights-the-life-of-jesus-christ\/","url":"https:\/\/templehill.org\/new-stained-glass-exhibit-highlights-the-life-of-jesus-christ\/","name":"New Stained Glass Exhibit Highlights the Life of Jesus Christ - TempleHill.org","isPartOf":{"@id":"https:\/\/templehill.org\/zh\/#website"},"primaryImageOfPage":{"@id":"https:\/\/templehill.org\/new-stained-glass-exhibit-highlights-the-life-of-jesus-christ\/#primaryimage"},"image":{"@id":"https:\/\/templehill.org\/new-stained-glass-exhibit-highlights-the-life-of-jesus-christ\/#primaryimage"},"thumbnailUrl":"https:\/\/templehill.org\/wp-content\/uploads\/2026\/08\/Jesus-Christ-Believe-in-Him-Stained-Glass-Exhibit-Washington-DC-Temple-Visitors-Center.jpg","datePublished":"2026-08-31T17:34:08+00:00","dateModified":"2026-09-01T14:23:19+00:00","breadcrumb":{"@id":"https:\/\/templehill.org\/new-stained-glass-exhibit-highlights-the-life-of-jesus-christ\/#breadcrumb"},"inLanguage":"es","potentialAction":[{"@type":"ReadAction","target":["https:\/\/templehill.org\/new-stained-glass-exhibit-highlights-the-life-of-jesus-christ\/"]}]},{"@type":"ImageObject","inLanguage":"es","@id":"https:\/\/templehill.org\/new-stained-glass-exhibit-highlights-the-life-of-jesus-christ\/#primaryimage","url":"https:\/\/templehill.org\/wp-content\/uploads\/2026\/08\/Jesus-Christ-Believe-in-Him-Stained-Glass-Exhibit-Washington-DC-Temple-Visitors-Center.jpg","contentUrl":"https:\/\/templehill.org\/wp-content\/uploads\/2026\/08\/Jesus-Christ-Believe-in-Him-Stained-Glass-Exhibit-Washington-DC-Temple-Visitors-Center.jpg","width":1000,"height":800},{"@type":"BreadcrumbList","@id":"https:\/\/templehill.org\/new-stained-glass-exhibit-highlights-the-life-of-jesus-christ\/#breadcrumb","itemListElement":[{"@type":"ListItem","position":1,"name":"Home","item":"https:\/\/templehill.org\/"},{"@type":"ListItem","position":2,"name":"New Stained Glass Exhibit Highlights the Life of Jesus Christ"}]},{"@type":"WebSite","@id":"https:\/\/templehill.org\/zh\/#website","url":"https:\/\/templehill.org\/zh\/","name":"TempleHill.org","description":"Feel Welcome. Feel the Spirit. Feel Inspired.","publisher":{"@id":"https:\/\/templehill.org\/zh\/#organization"},"potentialAction":[{"@type":"SearchAction","target":{"@type":"EntryPoint","urlTemplate":"https:\/\/templehill.org\/zh\/?s={search_term_string}"},"query-input":{"@type":"PropertyValueSpecification","valueRequired":true,"valueName":"search_term_string"}}],"inLanguage":"es"},{"@type":"Organization","@id":"https:\/\/templehill.org\/zh\/#organization","name":"TempleHill.org","url":"https:\/\/templehill.org\/zh\/","logo":{"@type":"ImageObject","inLanguage":"es","@id":"https:\/\/templehill.org\/zh\/#\/schema\/logo\/image\/","url":"https:\/\/templehill.org\/wp-content\/uploads\/2020\/06\/Temple-Hill-Oakland_logo_Stacked.png","contentUrl":"https:\/\/templehill.org\/wp-content\/uploads\/2020\/06\/Temple-Hill-Oakland_logo_Stacked.png","width":1291,"height":533,"caption":"TempleHill.org"},"image":{"@id":"https:\/\/templehill.org\/zh\/#\/schema\/logo\/image\/"},"sameAs":["https:\/\/www.facebook.com\/OaklandTempleHill","https:\/\/www.instagram.com\/oaklandtemplehill\/"]},{"@type":"Person","@id":"https:\/\/templehill.org\/zh\/#\/schema\/person\/2be416650857af1896fcfb1105fcdc23","name":"Temple Hill","image":{"@type":"ImageObject","inLanguage":"es","@id":"https:\/\/secure.gravatar.com\/avatar\/83a6fa12f223451e05aeb99b999d83c182060894b442861245eb92c32c466eba?s=96&d=mm&r=g","url":"https:\/\/secure.gravatar.com\/avatar\/83a6fa12f223451e05aeb99b999d83c182060894b442861245eb92c32c466eba?s=96&d=mm&r=g","contentUrl":"https:\/\/secure.gravatar.com\/avatar\/83a6fa12f223451e05aeb99b999d83c182060894b442861245eb92c32c466eba?s=96&d=mm&r=g","caption":"Temple Hill"},"url":"http:\/\/templehill.org\/es\/author\/dallinb\/"}]}},"_links":{"self":[{"href":"http:\/\/templehill.org\/es\/wp-json\/wp\/v2\/posts\/14799","targetHints":{"allow":["GET"]}}],"collection":[{"href":"http:\/\/templehill.org\/es\/wp-json\/wp\/v2\/posts"}],"about":[{"href":"http:\/\/templehill.org\/es\/wp-json\/wp\/v2\/types\/post"}],"author":[{"embeddable":true,"href":"http:\/\/templehill.org\/es\/wp-json\/wp\/v2\/users\/20"}],"replies":[{"embeddable":true,"href":"http:\/\/templehill.org\/es\/wp-json\/wp\/v2\/comments?post=14799"}],"version-history":[{"count":7,"href":"http:\/\/templehill.org\/es\/wp-json\/wp\/v2\/posts\/14799\/revisions"}],"predecessor-version":[{"id":14813,"href":"http:\/\/templehill.org\/es\/wp-json\/wp\/v2\/posts\/14799\/revisions\/14813"}],"wp:featuredmedia":[{"embeddable":true,"href":"http:\/\/templehill.org\/es\/wp-json\/wp\/v2\/media\/14676"}],"wp:attachment":[{"href":"http:\/\/templehill.org\/es\/wp-json\/wp\/v2\/media?parent=14799"}],"wp:term":[{"taxonomy":"category","embeddable":true,"href":"http:\/\/templehill.org\/es\/wp-json\/wp\/v2\/categories?post=14799"},{"taxonomy":"post_tag","embeddable":true,"href":"http:\/\/templehill.org\/es\/wp-json\/wp\/v2\/tags?post=14799"}],"curies":[{"name":"wp","href":"https:\/\/api.w.org\/{rel}","templated":true}]}},{"id":14501,"date":"2026-08-17T08:36:02","date_gmt":"2026-08-17T15:36:02","guid":{"rendered":"https:\/\/templehill.org\/?p=14501"},"modified":"2026-08-17T08:36:02","modified_gmt":"2026-08-17T15:36:02","slug":"oakland-temple-gardens-an-oasis-from-the-digital-noise","status":"publish","type":"post","link":"http:\/\/templehill.org\/es\/oakland-temple-gardens-an-oasis-from-the-digital-noise\/","title":{"rendered":"Jardines del Templo de Oakland: Un oasis en medio del ruido digital."},"content":{"rendered":"\n<figure class=\"wp-block-embed is-type-video is-provider-youtube wp-block-embed-youtube wp-embed-aspect-16-9 wp-has-aspect-ratio\"><div class=\"wp-block-embed__wrapper\">\n<iframe title=\"Faith, Dignity, and Human Flourishing: Hearing God\u2019s Voice in an Age of Artificial Intelligence\" width=\"1170\" height=\"658\" src=\"https:\/\/www.youtube.com\/embed\/Ts5Z64A0Vv4?feature=oembed\" frameborder=\"0\" allow=\"accelerometer; autoplay; clipboard-write; encrypted-media; gyroscope; picture-in-picture; web-share\" referrerpolicy=\"strict-origin-when-cross-origin\" allowfullscreen><\/iframe>\n<\/div><\/figure>\n\n\n\n<p class=\"wp-block-paragraph\">Watch the full address, &#8220;Faith, Dignity, and Human Flourishing: Hearing God&#8217;s Voice in an Age of Artificial Intelligence,&#8221; by global faith leader Gerrit W. Gong, exploring how to hear the voice of the divine in an age of artificial intelligence.<\/p>\n\n\n\n<p class=\"wp-block-paragraph\"><strong>Only when you turn off a loud kitchen fan do you suddenly realize how deafening the background noise actually was.<\/strong><\/p>\n\n\n\n<p class=\"wp-block-paragraph\">For many of us, our digital lives are that kitchen fan. Between phones, computers, and televisions, the average adult spends five to six hours a day looking at screens,  and teenagers average eight to nine. Algorithms constantly curate our attention, keeping us trapped in digital monologues and screen-time fatigue.<\/p>\n\n\n\n<p class=\"wp-block-paragraph\">In his recent address, Elder Gerrit W. Gong of the Quorum of the Twelve Apostles explored how to hear God&#8217;s voice clearly amid this digital clutter, focusing on how AI impacts our four core relationships:<\/p>\n\n\n\n<h3 class=\"wp-block-heading\">Deity (Thou)<\/h3>\n\n\n\n<p class=\"wp-block-paragraph\">AI can answer questions, but it cannot answer prayers. It is math, not conscious or alive, and cannot offer revelation or covenant blessings.<\/p>\n\n\n\n<h3 class=\"wp-block-heading\">Self (I)<\/h3>\n\n\n\n<p class=\"wp-block-paragraph\">As AI makes basic logic a commodity, we must define ourselves by enduring traits of the soul: faith, compassion, love, humility, and forgiveness.<\/p>\n\n\n\n<h3 class=\"wp-block-heading\">Others (They)<\/h3>\n\n\n\n<p class=\"wp-block-paragraph\">We must ensure &#8220;no one sits alone&#8221; spiritually or emotionally, especially not dependent on a chatbot designed to maximize screen time.<\/p>\n\n\n\n<h3 class=\"wp-block-heading\">Nature (It)<\/h3>\n\n\n\n<p class=\"wp-block-paragraph\">We need to step away from artificial conveniences and re-immerse our physical senses in the beauty of creation.<\/p>\n\n\n\n<h2 class=\"wp-block-heading\">Finding Peace<\/h2>\n\n\n\n<p class=\"wp-block-paragraph\">Elder Gong invites us to find the calm and assurance that comes from stepping outside digital reality. Here in Oakland, the temple grounds are designed to be a physical sanctuary.<\/p>\n\n\n\n<p class=\"wp-block-paragraph\">We invite you to put your phone on silent, walk the shaded paths under the palms, and feel the stillness that screens cannot provide. Real growth and connection don&#8217;t happen on a screen; they are lived.<\/p>\n\n\n\n<h2 class=\"wp-block-heading\">Take the 7-Day &#8220;Touch Grass&#8221; Challenge<\/h2>\n\n\n\n<p class=\"wp-block-paragraph\">Are you ready to quiet the digital noise? Join our free web challenge. Each day, you&#8217;ll receive a simple offline prompt to help you unplug, visit the temple gardens, and reset.<\/p>\n\n\n\n<script type=\"text\/javascript\">\n    \/** This section is only needed once per page if manually copying **\/\n    if (typeof MauticSDKLoaded == 'undefined') {\n        var MauticSDKLoaded = true;\n        var head            = document.getElementsByTagName('head')[0];\n        var script          = document.createElement('script');\n        script.type         = 'text\/javascript';\n        script.src          = 'https:\/\/mautic.goforthfoundation.org\/media\/js\/mautic-form.js?v2806001e';\n        script.onload       = function() {\n            MauticSDK.onLoad();\n        };\n        head.appendChild(script);\n        var MauticDomain = 'https:\/\/mautic.goforthfoundation.org';\n        var MauticLang   = {\n            'submittingMessage': \"Please wait...\"\n        }\n    }else if (typeof MauticSDK != 'undefined') {\n        MauticSDK.onLoad();\n    }\n<\/script>\n\n<style type=\"text\/css\" scoped=\"\">\n    .mauticform_wrapper { max-width: 600px; margin: 10px auto; }\n    .mauticform-innerform {}\n    .mauticform-post-success {}\n    .mauticform-name { font-weight: bold; font-size: 1.5em; margin-bottom: 3px; }\n    .mauticform-description { margin-top: 2px; margin-bottom: 10px; }\n    .mauticform-error { margin-bottom: 10px; color: red; }\n    .mauticform-message { margin-bottom: 10px; color: green; }\n    .mauticform-row { display: block; margin-bottom: 20px; margin-top: 0px !important;}\n    .mauticform-label { font-size: 1.1em; display: block; font-weight: bold; margin-bottom: 5px; }\n    .mauticform-row.mauticform-required .mauticform-label:after { color: #e32; content: \" *\"; display: inline; }\n    .mauticform-helpmessage { display: block; font-size: 0.9em; margin-bottom: 3px; }\n    .mauticform-errormsg { display: block; color: red; margin-top: 2px; }\n    .mauticform-selectbox, .mauticform-input, .mauticform-textarea { width: 100%; padding: 0.5em 0.5em; border: 1px solid #CCC; background: #fff; box-shadow: 0px 0px 0px #fff inset; border-radius: 4px; box-sizing: border-box; }\n    .mauticform-checkboxgrp-row {}\n    .mauticform-checkboxgrp-label { font-weight: normal; }\n    .mauticform-checkboxgrp-checkbox {}\n    .mauticform-radiogrp-row {}\n    .mauticform-radiogrp-label { font-weight: normal; }\n    .mauticform-radiogrp-radio {}\n    .mauticform-button-wrapper .mauticform-button.btn-ghost, .mauticform-pagebreak-wrapper .mauticform-pagebreak.btn-ghost { color: #5d6c7c;background-color: #ffffff;border-color: #dddddd;}\n    .mauticform-button-wrapper .mauticform-button, .mauticform-pagebreak-wrapper .mauticform-pagebreak { display: inline-block;margin-bottom: 0;font-weight: 600;text-align: center;cursor: pointer;background-image: none;border: 1px solid transparent;white-space: nowrap;padding: 6px 12px;font-size: 13px;line-height: 1.3856;border-radius: 3px;-webkit-user-select: none;-moz-user-select: none;-ms-user-select: none;user-select: none;}\n    .mauticform-button-wrapper .mauticform-button.btn-ghost[disabled], .mauticform-pagebreak-wrapper .mauticform-pagebreak.btn-ghost[disabled] { background-color: #ffffff; border-color: #dddddd; opacity: 0.75; cursor: not-allowed; }\n    .mauticform-pagebreak-wrapper .mauticform-button-wrapper {  display: inline; }\n\n    \/**\n    * @see https:\/\/github.com\/TarekRaafat\/autoComplete.js\/blob\/master\/dist\/css\/autoComplete.02.css.\n    *\/\n    .autoComplete_wrapper {position: relative;}\n    .autoComplete_wrapper > input::placeholder {transition: all 0.3s ease;}\n    .autoComplete_wrapper > ul {position: absolute;max-height: 226px;overflow-y: scroll;top: 100%;left: 0;right: 0;padding: 0;margin: 0.5rem 0 0 0;border-radius: 4px;background-color: #fff;border: 1px solid rgba(33, 33, 33, 0.1);z-index: 1000;outline: none;}\n    .autoComplete_wrapper > ul > li {padding: 10px 20px;list-style: none;text-align: left;font-size: 16px;color: #212121;transition: all 0.1s ease-in-out;border-radius: 3px;background-color: rgba(255, 255, 255, 1);white-space: nowrap;overflow: hidden;text-overflow: ellipsis;transition: all 0.2s ease;}\n    .autoComplete_wrapper > ul > li > span {float: right;}\n    .autoComplete_wrapper > ul > li::selection {color: rgba(#ffffff, 0);background-color: rgba(#ffffff, 0);}\n    .autoComplete_wrapper > ul > li:hover {cursor: pointer;background-color: rgba(123, 123, 123, 0.1);}\n    .autoComplete_wrapper > ul > li mark {background-color: transparent;font-weight: bold;}\n    .autoComplete_wrapper > ul > li mark::selection {background-color: rgba(#ffffff, 0);}\n    .autoComplete_wrapper > ul > li[aria-selected=\"true\"] {background-color: rgba(123, 123, 123, 0.1);}\n    @media only screen and (max-width: 600px) {\n      .autoComplete_wrapper > input {width: 18rem;}\n    }\n<\/style>\n\n<style type=\"text\/css\" scoped=\"\">\n    .mauticform-field-hidden { display:none }\n<\/style>\n<div id=\"mauticform_wrapper_touchgrassnewsletteroakland\" class=\"mauticform_wrapper\">\n    <form autocomplete=\"false\" role=\"form\" method=\"post\" action=\"https:\/\/mautic.goforthfoundation.org\/form\/submit?formId=17\" id=\"mauticform_touchgrassnewsletteroakland\" data-mautic-form=\"touchgrassnewsletteroakland\" enctype=\"multipart\/form-data\"><div class=\"mauticform-error\" id=\"mauticform_touchgrassnewsletteroakland_error\"><\/div>\n            <div class=\"mauticform-message\" id=\"mauticform_touchgrassnewsletteroakland_message\"><\/div><div class=\"mauticform-innerform\">\n            <div class=\"mauticform-page-wrapper mauticform-page-1\" data-mautic-form-page=\"1\">\n                  \n\n\n      \n  \n    \n  \n\n    \n\n\n<div id=\"mauticform_touchgrassnewsletteroakland_email_address\" class=\"mauticform-row mauticform-email mauticform-field-1\">\n  <label id=\"mauticform_label_touchgrassnewsletteroakland_email_address\" for=\"mauticform_input_touchgrassnewsletteroakland_email_address\" class=\"mauticform-label\">Oakland &#8211; Touch Grass Newsletter<\/label>\n  \n      <input type=\"email\" name=\"mauticform[email_address]\" value=\"\" id=\"mauticform_input_touchgrassnewsletteroakland_email_address\" placeholder=\"What is your best email?\" class=\"mauticform-input\">\n  \n  <span class=\"mauticform-errormsg\" style=\"display:none;\"><\/span>\n<\/div>\n                  \n      \n  \n    \n    \n<div id=\"mauticform_touchgrassnewsletteroakland_submit\" class=\"mauticform-row mauticform-button-wrapper mauticform-field-2\">\n  <button class=\"btn btn-ghost mauticform-button\" name=\"mauticform[submit]\" value=\"1\" id=\"mauticform_input_touchgrassnewsletteroakland_submit\" type=\"submit\">Submit<\/button>\n<\/div>\n                  <\/div><\/div><input type=\"hidden\" name=\"mauticform[formId]\" id=\"mauticform_touchgrassnewsletteroakland_id\" value=\"17\">\n        <input type=\"hidden\" name=\"mauticform[return]\" id=\"mauticform_touchgrassnewsletteroakland_return\" value=\"\">\n        <input type=\"hidden\" name=\"mauticform[formName]\" id=\"mauticform_touchgrassnewsletteroakland_name\" value=\"touchgrassnewsletteroakland\">\n        \n    <\/form>\n<\/div>\n","protected":false},"excerpt":{"rendered":"<p>Watch the full address, &#8220;Faith, Dignity, and Human Flourishing: Hearing God&#8217;s Voice in an Age of Artificial Intelligence,&#8221; by global faith leader Gerrit W. Gong, exploring how to hear the [&hellip;]<\/p>\n","protected":false},"author":20,"featured_media":14504,"comment_status":"closed","ping_status":"open","sticky":false,"template":"","format":"standard","meta":{"_price":"","_stock":"","_tribe_ticket_header":"","_tribe_default_ticket_provider":"","_tribe_ticket_capacity":"0","_ticket_start_date":"","_ticket_end_date":"","_tribe_ticket_show_description":"","_tribe_ticket_show_not_going":false,"_tribe_ticket_use_global_stock":"","_tribe_ticket_global_stock_level":"","_global_stock_mode":"","_global_stock_cap":"","_tribe_rsvp_for_event":"","_tribe_ticket_going_count":"","_tribe_ticket_not_going_count":"","_tribe_tickets_list":"[]","_tribe_ticket_has_attendee_info_fields":false,"footnotes":""},"categories":[22,73],"tags":[147,103],"class_list":["post-14501","post","type-post","status-publish","format-standard","has-post-thumbnail","hentry","category-education","category-uplifting-the-saints","tag-ai","tag-the-church-of-jesus-christ-of-latter-day-saints","entry"],"yoast_head":"<!-- This site is optimized with the Yoast SEO plugin v28.4 - https:\/\/yoast.com\/product\/yoast-seo-wordpress\/ -->\n<title>Oakland Temple Gardens: An Oasis from the Digital Noise - TempleHill.org<\/title>\n<meta name=\"robots\" content=\"index, follow, max-snippet:-1, max-image-preview:large, max-video-preview:-1\" \/>\n<link rel=\"canonical\" href=\"https:\/\/templehill.org\/es\/oakland-temple-gardens-an-oasis-from-the-digital-noise\/\" \/>\n<meta property=\"og:locale\" content=\"es_MX\" \/>\n<meta property=\"og:type\" content=\"article\" \/>\n<meta property=\"og:title\" content=\"Oakland Temple Gardens: An Oasis from the Digital Noise - TempleHill.org\" \/>\n<meta property=\"og:description\" content=\"Watch the full address, &#8220;Faith, Dignity, and Human Flourishing: Hearing God&#8217;s Voice in an Age of Artificial Intelligence,&#8221; by global faith leader Gerrit W. Gong, exploring how to hear the [&hellip;]\" \/>\n<meta property=\"og:url\" content=\"https:\/\/templehill.org\/es\/oakland-temple-gardens-an-oasis-from-the-digital-noise\/\" \/>\n<meta property=\"og:site_name\" content=\"TempleHill.org\" \/>\n<meta property=\"article:publisher\" content=\"https:\/\/www.facebook.com\/OaklandTempleHill\" \/>\n<meta property=\"article:published_time\" content=\"2026-08-17T15:36:02+00:00\" \/>\n<meta property=\"og:image\" content=\"https:\/\/templehill.org\/wp-content\/uploads\/2026\/07\/Gods-Voice-in-an-Age-of-AI.webp\" \/>\n\t<meta property=\"og:image:width\" content=\"1280\" \/>\n\t<meta property=\"og:image:height\" content=\"720\" \/>\n\t<meta property=\"og:image:type\" content=\"image\/webp\" \/>\n<meta name=\"author\" content=\"Temple Hill\" \/>\n<meta name=\"twitter:card\" content=\"summary_large_image\" \/>\n<meta name=\"twitter:label1\" content=\"Escrito por\" \/>\n\t<meta name=\"twitter:data1\" content=\"Temple Hill\" \/>\n\t<meta name=\"twitter:label2\" content=\"Tiempo de lectura\" \/>\n\t<meta name=\"twitter:data2\" content=\"2 minutos\" \/>\n<script type=\"application\/ld+json\" class=\"yoast-schema-graph\">{\"@context\":\"https:\\\/\\\/schema.org\",\"@graph\":[{\"@type\":\"Article\",\"@id\":\"https:\\\/\\\/templehill.org\\\/oakland-temple-gardens-an-oasis-from-the-digital-noise\\\/#article\",\"isPartOf\":{\"@id\":\"https:\\\/\\\/templehill.org\\\/oakland-temple-gardens-an-oasis-from-the-digital-noise\\\/\"},\"author\":{\"name\":\"Temple Hill\",\"@id\":\"https:\\\/\\\/templehill.org\\\/zh\\\/#\\\/schema\\\/person\\\/2be416650857af1896fcfb1105fcdc23\"},\"headline\":\"Oakland Temple Gardens: An Oasis from the Digital Noise\",\"datePublished\":\"2026-08-17T15:36:02+00:00\",\"mainEntityOfPage\":{\"@id\":\"https:\\\/\\\/templehill.org\\\/oakland-temple-gardens-an-oasis-from-the-digital-noise\\\/\"},\"wordCount\":372,\"publisher\":{\"@id\":\"https:\\\/\\\/templehill.org\\\/zh\\\/#organization\"},\"image\":{\"@id\":\"https:\\\/\\\/templehill.org\\\/oakland-temple-gardens-an-oasis-from-the-digital-noise\\\/#primaryimage\"},\"thumbnailUrl\":\"https:\\\/\\\/templehill.org\\\/wp-content\\\/uploads\\\/2026\\\/07\\\/Gods-Voice-in-an-Age-of-AI.webp\",\"keywords\":[\"AI\",\"The Church of Jesus Christ of Latter-day Saints\"],\"articleSection\":[\"Education\",\"Uplifting The Saints\"],\"inLanguage\":\"es\"},{\"@type\":\"WebPage\",\"@id\":\"https:\\\/\\\/templehill.org\\\/oakland-temple-gardens-an-oasis-from-the-digital-noise\\\/\",\"url\":\"https:\\\/\\\/templehill.org\\\/oakland-temple-gardens-an-oasis-from-the-digital-noise\\\/\",\"name\":\"Oakland Temple Gardens: An Oasis from the Digital Noise - TempleHill.org\",\"isPartOf\":{\"@id\":\"https:\\\/\\\/templehill.org\\\/zh\\\/#website\"},\"primaryImageOfPage\":{\"@id\":\"https:\\\/\\\/templehill.org\\\/oakland-temple-gardens-an-oasis-from-the-digital-noise\\\/#primaryimage\"},\"image\":{\"@id\":\"https:\\\/\\\/templehill.org\\\/oakland-temple-gardens-an-oasis-from-the-digital-noise\\\/#primaryimage\"},\"thumbnailUrl\":\"https:\\\/\\\/templehill.org\\\/wp-content\\\/uploads\\\/2026\\\/07\\\/Gods-Voice-in-an-Age-of-AI.webp\",\"datePublished\":\"2026-08-17T15:36:02+00:00\",\"breadcrumb\":{\"@id\":\"https:\\\/\\\/templehill.org\\\/oakland-temple-gardens-an-oasis-from-the-digital-noise\\\/#breadcrumb\"},\"inLanguage\":\"es\",\"potentialAction\":[{\"@type\":\"ReadAction\",\"target\":[\"https:\\\/\\\/templehill.org\\\/oakland-temple-gardens-an-oasis-from-the-digital-noise\\\/\"]}]},{\"@type\":\"ImageObject\",\"inLanguage\":\"es\",\"@id\":\"https:\\\/\\\/templehill.org\\\/oakland-temple-gardens-an-oasis-from-the-digital-noise\\\/#primaryimage\",\"url\":\"https:\\\/\\\/templehill.org\\\/wp-content\\\/uploads\\\/2026\\\/07\\\/Gods-Voice-in-an-Age-of-AI.webp\",\"contentUrl\":\"https:\\\/\\\/templehill.org\\\/wp-content\\\/uploads\\\/2026\\\/07\\\/Gods-Voice-in-an-Age-of-AI.webp\",\"width\":1280,\"height\":720},{\"@type\":\"BreadcrumbList\",\"@id\":\"https:\\\/\\\/templehill.org\\\/oakland-temple-gardens-an-oasis-from-the-digital-noise\\\/#breadcrumb\",\"itemListElement\":[{\"@type\":\"ListItem\",\"position\":1,\"name\":\"Home\",\"item\":\"https:\\\/\\\/templehill.org\\\/\"},{\"@type\":\"ListItem\",\"position\":2,\"name\":\"Oakland Temple Gardens: An Oasis from the Digital Noise\"}]},{\"@type\":\"WebSite\",\"@id\":\"https:\\\/\\\/templehill.org\\\/zh\\\/#website\",\"url\":\"https:\\\/\\\/templehill.org\\\/zh\\\/\",\"name\":\"TempleHill.org\",\"description\":\"Feel Welcome. Feel the Spirit. Feel Inspired.\",\"publisher\":{\"@id\":\"https:\\\/\\\/templehill.org\\\/zh\\\/#organization\"},\"potentialAction\":[{\"@type\":\"SearchAction\",\"target\":{\"@type\":\"EntryPoint\",\"urlTemplate\":\"https:\\\/\\\/templehill.org\\\/zh\\\/?s={search_term_string}\"},\"query-input\":{\"@type\":\"PropertyValueSpecification\",\"valueRequired\":true,\"valueName\":\"search_term_string\"}}],\"inLanguage\":\"es\"},{\"@type\":\"Organization\",\"@id\":\"https:\\\/\\\/templehill.org\\\/zh\\\/#organization\",\"name\":\"TempleHill.org\",\"url\":\"https:\\\/\\\/templehill.org\\\/zh\\\/\",\"logo\":{\"@type\":\"ImageObject\",\"inLanguage\":\"es\",\"@id\":\"https:\\\/\\\/templehill.org\\\/zh\\\/#\\\/schema\\\/logo\\\/image\\\/\",\"url\":\"https:\\\/\\\/templehill.org\\\/wp-content\\\/uploads\\\/2020\\\/06\\\/Temple-Hill-Oakland_logo_Stacked.png\",\"contentUrl\":\"https:\\\/\\\/templehill.org\\\/wp-content\\\/uploads\\\/2020\\\/06\\\/Temple-Hill-Oakland_logo_Stacked.png\",\"width\":1291,\"height\":533,\"caption\":\"TempleHill.org\"},\"image\":{\"@id\":\"https:\\\/\\\/templehill.org\\\/zh\\\/#\\\/schema\\\/logo\\\/image\\\/\"},\"sameAs\":[\"https:\\\/\\\/www.facebook.com\\\/OaklandTempleHill\",\"https:\\\/\\\/www.instagram.com\\\/oaklandtemplehill\\\/\"]},{\"@type\":\"Person\",\"@id\":\"https:\\\/\\\/templehill.org\\\/zh\\\/#\\\/schema\\\/person\\\/2be416650857af1896fcfb1105fcdc23\",\"name\":\"Temple Hill\",\"image\":{\"@type\":\"ImageObject\",\"inLanguage\":\"es\",\"@id\":\"https:\\\/\\\/secure.gravatar.com\\\/avatar\\\/83a6fa12f223451e05aeb99b999d83c182060894b442861245eb92c32c466eba?s=96&d=mm&r=g\",\"url\":\"https:\\\/\\\/secure.gravatar.com\\\/avatar\\\/83a6fa12f223451e05aeb99b999d83c182060894b442861245eb92c32c466eba?s=96&d=mm&r=g\",\"contentUrl\":\"https:\\\/\\\/secure.gravatar.com\\\/avatar\\\/83a6fa12f223451e05aeb99b999d83c182060894b442861245eb92c32c466eba?s=96&d=mm&r=g\",\"caption\":\"Temple Hill\"},\"url\":\"http:\\\/\\\/templehill.org\\\/es\\\/author\\\/dallinb\\\/\"}]}<\/script>\n<!-- \/ Yoast SEO plugin. -->","yoast_head_json":{"title":"Oakland Temple Gardens: An Oasis from the Digital Noise - TempleHill.org","robots":{"index":"index","follow":"follow","max-snippet":"max-snippet:-1","max-image-preview":"max-image-preview:large","max-video-preview":"max-video-preview:-1"},"canonical":"https:\/\/templehill.org\/es\/oakland-temple-gardens-an-oasis-from-the-digital-noise\/","og_locale":"es_MX","og_type":"article","og_title":"Oakland Temple Gardens: An Oasis from the Digital Noise - TempleHill.org","og_description":"Watch the full address, &#8220;Faith, Dignity, and Human Flourishing: Hearing God&#8217;s Voice in an Age of Artificial Intelligence,&#8221; by global faith leader Gerrit W. Gong, exploring how to hear the [&hellip;]","og_url":"https:\/\/templehill.org\/es\/oakland-temple-gardens-an-oasis-from-the-digital-noise\/","og_site_name":"TempleHill.org","article_publisher":"https:\/\/www.facebook.com\/OaklandTempleHill","article_published_time":"2026-08-17T15:36:02+00:00","og_image":[{"width":1280,"height":720,"url":"https:\/\/templehill.org\/wp-content\/uploads\/2026\/07\/Gods-Voice-in-an-Age-of-AI.webp","type":"image\/webp"}],"author":"Temple Hill","twitter_card":"summary_large_image","twitter_misc":{"Escrito por":"Temple Hill","Tiempo de lectura":"2 minutos"},"schema":{"@context":"https:\/\/schema.org","@graph":[{"@type":"Article","@id":"https:\/\/templehill.org\/oakland-temple-gardens-an-oasis-from-the-digital-noise\/#article","isPartOf":{"@id":"https:\/\/templehill.org\/oakland-temple-gardens-an-oasis-from-the-digital-noise\/"},"author":{"name":"Temple Hill","@id":"https:\/\/templehill.org\/zh\/#\/schema\/person\/2be416650857af1896fcfb1105fcdc23"},"headline":"Oakland Temple Gardens: An Oasis from the Digital Noise","datePublished":"2026-08-17T15:36:02+00:00","mainEntityOfPage":{"@id":"https:\/\/templehill.org\/oakland-temple-gardens-an-oasis-from-the-digital-noise\/"},"wordCount":372,"publisher":{"@id":"https:\/\/templehill.org\/zh\/#organization"},"image":{"@id":"https:\/\/templehill.org\/oakland-temple-gardens-an-oasis-from-the-digital-noise\/#primaryimage"},"thumbnailUrl":"https:\/\/templehill.org\/wp-content\/uploads\/2026\/07\/Gods-Voice-in-an-Age-of-AI.webp","keywords":["AI","The Church of Jesus Christ of Latter-day Saints"],"articleSection":["Education","Uplifting The Saints"],"inLanguage":"es"},{"@type":"WebPage","@id":"https:\/\/templehill.org\/oakland-temple-gardens-an-oasis-from-the-digital-noise\/","url":"https:\/\/templehill.org\/oakland-temple-gardens-an-oasis-from-the-digital-noise\/","name":"Oakland Temple Gardens: An Oasis from the Digital Noise - TempleHill.org","isPartOf":{"@id":"https:\/\/templehill.org\/zh\/#website"},"primaryImageOfPage":{"@id":"https:\/\/templehill.org\/oakland-temple-gardens-an-oasis-from-the-digital-noise\/#primaryimage"},"image":{"@id":"https:\/\/templehill.org\/oakland-temple-gardens-an-oasis-from-the-digital-noise\/#primaryimage"},"thumbnailUrl":"https:\/\/templehill.org\/wp-content\/uploads\/2026\/07\/Gods-Voice-in-an-Age-of-AI.webp","datePublished":"2026-08-17T15:36:02+00:00","breadcrumb":{"@id":"https:\/\/templehill.org\/oakland-temple-gardens-an-oasis-from-the-digital-noise\/#breadcrumb"},"inLanguage":"es","potentialAction":[{"@type":"ReadAction","target":["https:\/\/templehill.org\/oakland-temple-gardens-an-oasis-from-the-digital-noise\/"]}]},{"@type":"ImageObject","inLanguage":"es","@id":"https:\/\/templehill.org\/oakland-temple-gardens-an-oasis-from-the-digital-noise\/#primaryimage","url":"https:\/\/templehill.org\/wp-content\/uploads\/2026\/07\/Gods-Voice-in-an-Age-of-AI.webp","contentUrl":"https:\/\/templehill.org\/wp-content\/uploads\/2026\/07\/Gods-Voice-in-an-Age-of-AI.webp","width":1280,"height":720},{"@type":"BreadcrumbList","@id":"https:\/\/templehill.org\/oakland-temple-gardens-an-oasis-from-the-digital-noise\/#breadcrumb","itemListElement":[{"@type":"ListItem","position":1,"name":"Home","item":"https:\/\/templehill.org\/"},{"@type":"ListItem","position":2,"name":"Oakland Temple Gardens: An Oasis from the Digital Noise"}]},{"@type":"WebSite","@id":"https:\/\/templehill.org\/zh\/#website","url":"https:\/\/templehill.org\/zh\/","name":"TempleHill.org","description":"Feel Welcome. Feel the Spirit. Feel Inspired.","publisher":{"@id":"https:\/\/templehill.org\/zh\/#organization"},"potentialAction":[{"@type":"SearchAction","target":{"@type":"EntryPoint","urlTemplate":"https:\/\/templehill.org\/zh\/?s={search_term_string}"},"query-input":{"@type":"PropertyValueSpecification","valueRequired":true,"valueName":"search_term_string"}}],"inLanguage":"es"},{"@type":"Organization","@id":"https:\/\/templehill.org\/zh\/#organization","name":"TempleHill.org","url":"https:\/\/templehill.org\/zh\/","logo":{"@type":"ImageObject","inLanguage":"es","@id":"https:\/\/templehill.org\/zh\/#\/schema\/logo\/image\/","url":"https:\/\/templehill.org\/wp-content\/uploads\/2020\/06\/Temple-Hill-Oakland_logo_Stacked.png","contentUrl":"https:\/\/templehill.org\/wp-content\/uploads\/2020\/06\/Temple-Hill-Oakland_logo_Stacked.png","width":1291,"height":533,"caption":"TempleHill.org"},"image":{"@id":"https:\/\/templehill.org\/zh\/#\/schema\/logo\/image\/"},"sameAs":["https:\/\/www.facebook.com\/OaklandTempleHill","https:\/\/www.instagram.com\/oaklandtemplehill\/"]},{"@type":"Person","@id":"https:\/\/templehill.org\/zh\/#\/schema\/person\/2be416650857af1896fcfb1105fcdc23","name":"Temple Hill","image":{"@type":"ImageObject","inLanguage":"es","@id":"https:\/\/secure.gravatar.com\/avatar\/83a6fa12f223451e05aeb99b999d83c182060894b442861245eb92c32c466eba?s=96&d=mm&r=g","url":"https:\/\/secure.gravatar.com\/avatar\/83a6fa12f223451e05aeb99b999d83c182060894b442861245eb92c32c466eba?s=96&d=mm&r=g","contentUrl":"https:\/\/secure.gravatar.com\/avatar\/83a6fa12f223451e05aeb99b999d83c182060894b442861245eb92c32c466eba?s=96&d=mm&r=g","caption":"Temple Hill"},"url":"http:\/\/templehill.org\/es\/author\/dallinb\/"}]}},"_links":{"self":[{"href":"http:\/\/templehill.org\/es\/wp-json\/wp\/v2\/posts\/14501","targetHints":{"allow":["GET"]}}],"collection":[{"href":"http:\/\/templehill.org\/es\/wp-json\/wp\/v2\/posts"}],"about":[{"href":"http:\/\/templehill.org\/es\/wp-json\/wp\/v2\/types\/post"}],"author":[{"embeddable":true,"href":"http:\/\/templehill.org\/es\/wp-json\/wp\/v2\/users\/20"}],"replies":[{"embeddable":true,"href":"http:\/\/templehill.org\/es\/wp-json\/wp\/v2\/comments?post=14501"}],"version-history":[{"count":10,"href":"http:\/\/templehill.org\/es\/wp-json\/wp\/v2\/posts\/14501\/revisions"}],"predecessor-version":[{"id":14639,"href":"http:\/\/templehill.org\/es\/wp-json\/wp\/v2\/posts\/14501\/revisions\/14639"}],"wp:featuredmedia":[{"embeddable":true,"href":"http:\/\/templehill.org\/es\/wp-json\/wp\/v2\/media\/14504"}],"wp:attachment":[{"href":"http:\/\/templehill.org\/es\/wp-json\/wp\/v2\/media?parent=14501"}],"wp:term":[{"taxonomy":"category","embeddable":true,"href":"http:\/\/templehill.org\/es\/wp-json\/wp\/v2\/categories?post=14501"},{"taxonomy":"post_tag","embeddable":true,"href":"http:\/\/templehill.org\/es\/wp-json\/wp\/v2\/tags?post=14501"}],"curies":[{"name":"wp","href":"https:\/\/api.w.org\/{rel}","templated":true}]}},{"id":14397,"date":"2026-05-11T07:36:31","date_gmt":"2026-05-11T14:36:31","guid":{"rendered":"https:\/\/templehill.org\/?p=14397"},"modified":"2026-05-11T07:39:55","modified_gmt":"2026-05-11T14:39:55","slug":"oakland-temple-visitors-center-temporary-closure-summer-experience","status":"publish","type":"post","link":"http:\/\/templehill.org\/es\/oakland-temple-visitors-center-temporary-closure-summer-experience\/","title":{"rendered":"Cierre temporal del Centro de Visitantes del Templo de Oakland y experiencia de verano."},"content":{"rendered":"<p class=\"wp-block-paragraph\">El Centro de Visitantes del Templo de Oakland permanecer\u00e1 cerrado temporalmente por reformas desde el 1 de junio hasta el 1 de septiembre. Estas mejoras se realizan para ofrecer un mejor servicio a los miles de visitantes que acuden a Temple Hill cada a\u00f1o.<\/p>\n\n\n\n<p class=\"wp-block-paragraph\">Si bien el Centro de Visitantes permanecer\u00e1 cerrado durante este tiempo, nos complace seguir dando la bienvenida a todos los visitantes a los hermosos jardines del Templo de Oakland. Hemos organizado cuidadosamente diversas experiencias al aire libre, tanto guiadas como autoguiadas, para garantizar que cada visitante, ya sea individual, familiar o en grupo, disfrute de una visita significativa e inolvidable.<\/p>\n\n\n\n<p class=\"wp-block-paragraph\">Durante este per\u00edodo de renovaci\u00f3n, el Centro de Visitantes continuar\u00e1 operando desde el vest\u00edbulo del Auditorio Temple Hill. El horario de atenci\u00f3n ser\u00e1 el siguiente:<\/p>\n\n\n\n<p class=\"wp-block-paragraph\">Lunes \u2013 Cerrado<\/p>\n\n\n\n<p class=\"wp-block-paragraph\">De martes a jueves, de 12:00 a 20:00.<\/p>\n\n\n\n<p class=\"wp-block-paragraph\">Viernes \u2013 12:00-21:00<\/p>\n\n\n\n<p class=\"wp-block-paragraph\">S\u00e1bado \u2013 9:00-19:00<\/p>\n\n\n\n<p class=\"wp-block-paragraph\">Domingos \u2013 9:00-19:00<\/p>\n\n\n\n<p class=\"wp-block-paragraph\">Estas experiencias seguir\u00e1n centradas en Cristo y est\u00e1n dise\u00f1adas para ayudar a los visitantes de todas las edades a comprender mejor el prop\u00f3sito de los templos, reflexionar sobre la vida y las ense\u00f1anzas de Jesucristo y sentir la paz, la belleza y el esp\u00edritu que hacen de Temple Hill un lugar sagrado y especial.<\/p>\n\n\n\n<p class=\"wp-block-paragraph\">Les invitamos cordialmente a disfrutar de los jardines, las vistas y el ambiente tranquilo. Nuestro equipo estar\u00e1 encantado de recibirles y ayudarles a tener una experiencia enriquecedora y revitalizante durante su visita.<\/p>\n\n\n\n<p class=\"wp-block-paragraph\">Agradecemos su comprensi\u00f3n durante este per\u00edodo de mejoras y esperamos reabrir el Centro de Visitantes en septiembre.<\/p>\n\n\n\n<p class=\"wp-block-paragraph\">Para programar visitas guiadas, p\u00f3ngase en contacto con:<\/p>\n\n\n\n<p class=\"wp-block-paragraph\"><a href=\"mailto:curtisrbennett@churchofjesuschrist.org\" target=\"_blank\" rel=\"noreferrer noopener\">curtisrbennett@churchofjesuschrist.org<\/a><\/p>\n\n\n\n<p class=\"wp-block-paragraph\"><a href=\"mailto:Sheri.bennett@churchofjesuschrist.org\" target=\"_blank\" rel=\"noreferrer noopener\">Sheri.bennett@churchofjesuschrist.org<\/a><\/p>\n\n\n\n<p class=\"wp-block-paragraph\"><\/p>","protected":false},"excerpt":{"rendered":"<p>The Oakland Temple Visitors\u2019 Center will be temporarily closed for renovation beginning June 1 through September 1. These improvements are being made to better serve the thousands of guests who [&hellip;]<\/p>\n","protected":false},"author":20,"featured_media":10319,"comment_status":"closed","ping_status":"open","sticky":false,"template":"","format":"standard","meta":{"_price":"","_stock":"","_tribe_ticket_header":"","_tribe_default_ticket_provider":"","_tribe_ticket_capacity":"0","_ticket_start_date":"","_ticket_end_date":"","_tribe_ticket_show_description":"","_tribe_ticket_show_not_going":false,"_tribe_ticket_use_global_stock":"","_tribe_ticket_global_stock_level":"","_global_stock_mode":"","_global_stock_cap":"","_tribe_rsvp_for_event":"","_tribe_ticket_going_count":"","_tribe_ticket_not_going_count":"","_tribe_tickets_list":"[]","_tribe_ticket_has_attendee_info_fields":false,"footnotes":""},"categories":[74,21],"tags":[],"class_list":["post-14397","post","type-post","status-publish","format-standard","has-post-thumbnail","hentry","category-facilities","category-news","entry"],"yoast_head":"<!-- This site is optimized with the Yoast SEO plugin v28.4 - https:\/\/yoast.com\/product\/yoast-seo-wordpress\/ -->\n<title>Oakland Temple Visitors\u2019 Center Temporary Closure &amp; Summer Experience - TempleHill.org<\/title>\n<meta name=\"robots\" content=\"index, follow, max-snippet:-1, max-image-preview:large, max-video-preview:-1\" \/>\n<link rel=\"canonical\" href=\"https:\/\/templehill.org\/es\/oakland-temple-visitors-center-temporary-closure-summer-experience\/\" \/>\n<meta property=\"og:locale\" content=\"es_MX\" \/>\n<meta property=\"og:type\" content=\"article\" \/>\n<meta property=\"og:title\" content=\"Oakland Temple Visitors\u2019 Center Temporary Closure &amp; Summer Experience - TempleHill.org\" \/>\n<meta property=\"og:description\" content=\"The Oakland Temple Visitors\u2019 Center will be temporarily closed for renovation beginning June 1 through September 1. These improvements are being made to better serve the thousands of guests who [&hellip;]\" \/>\n<meta property=\"og:url\" content=\"https:\/\/templehill.org\/es\/oakland-temple-visitors-center-temporary-closure-summer-experience\/\" \/>\n<meta property=\"og:site_name\" content=\"TempleHill.org\" \/>\n<meta property=\"article:publisher\" content=\"https:\/\/www.facebook.com\/OaklandTempleHill\" \/>\n<meta property=\"article:published_time\" content=\"2026-05-11T14:36:31+00:00\" \/>\n<meta property=\"article:modified_time\" content=\"2026-05-11T14:39:55+00:00\" \/>\n<meta property=\"og:image\" content=\"https:\/\/templehill.org\/wp-content\/uploads\/2024\/06\/Oakland_Temple_and_VC-scaled.webp\" \/>\n\t<meta property=\"og:image:width\" content=\"1920\" \/>\n\t<meta property=\"og:image:height\" content=\"836\" \/>\n\t<meta property=\"og:image:type\" content=\"image\/webp\" \/>\n<meta name=\"author\" content=\"Temple Hill\" \/>\n<meta name=\"twitter:card\" content=\"summary_large_image\" \/>\n<meta name=\"twitter:label1\" content=\"Escrito por\" \/>\n\t<meta name=\"twitter:data1\" content=\"Temple Hill\" \/>\n\t<meta name=\"twitter:label2\" content=\"Tiempo de lectura\" \/>\n\t<meta name=\"twitter:data2\" content=\"2 minutos\" \/>\n<script type=\"application\/ld+json\" class=\"yoast-schema-graph\">{\"@context\":\"https:\\\/\\\/schema.org\",\"@graph\":[{\"@type\":\"Article\",\"@id\":\"https:\\\/\\\/templehill.org\\\/oakland-temple-visitors-center-temporary-closure-summer-experience\\\/#article\",\"isPartOf\":{\"@id\":\"https:\\\/\\\/templehill.org\\\/oakland-temple-visitors-center-temporary-closure-summer-experience\\\/\"},\"author\":{\"name\":\"Temple Hill\",\"@id\":\"https:\\\/\\\/templehill.org\\\/zh\\\/#\\\/schema\\\/person\\\/2be416650857af1896fcfb1105fcdc23\"},\"headline\":\"Oakland Temple Visitors\u2019 Center Temporary Closure &#038; Summer Experience\",\"datePublished\":\"2026-05-11T14:36:31+00:00\",\"dateModified\":\"2026-05-11T14:39:55+00:00\",\"mainEntityOfPage\":{\"@id\":\"https:\\\/\\\/templehill.org\\\/oakland-temple-visitors-center-temporary-closure-summer-experience\\\/\"},\"wordCount\":252,\"publisher\":{\"@id\":\"https:\\\/\\\/templehill.org\\\/zh\\\/#organization\"},\"image\":{\"@id\":\"https:\\\/\\\/templehill.org\\\/oakland-temple-visitors-center-temporary-closure-summer-experience\\\/#primaryimage\"},\"thumbnailUrl\":\"https:\\\/\\\/templehill.org\\\/wp-content\\\/uploads\\\/2024\\\/06\\\/Oakland_Temple_and_VC-scaled.webp\",\"articleSection\":[\"Facilities\",\"News\"],\"inLanguage\":\"es\"},{\"@type\":\"WebPage\",\"@id\":\"https:\\\/\\\/templehill.org\\\/oakland-temple-visitors-center-temporary-closure-summer-experience\\\/\",\"url\":\"https:\\\/\\\/templehill.org\\\/oakland-temple-visitors-center-temporary-closure-summer-experience\\\/\",\"name\":\"Oakland Temple Visitors\u2019 Center Temporary Closure & Summer Experience - TempleHill.org\",\"isPartOf\":{\"@id\":\"https:\\\/\\\/templehill.org\\\/zh\\\/#website\"},\"primaryImageOfPage\":{\"@id\":\"https:\\\/\\\/templehill.org\\\/oakland-temple-visitors-center-temporary-closure-summer-experience\\\/#primaryimage\"},\"image\":{\"@id\":\"https:\\\/\\\/templehill.org\\\/oakland-temple-visitors-center-temporary-closure-summer-experience\\\/#primaryimage\"},\"thumbnailUrl\":\"https:\\\/\\\/templehill.org\\\/wp-content\\\/uploads\\\/2024\\\/06\\\/Oakland_Temple_and_VC-scaled.webp\",\"datePublished\":\"2026-05-11T14:36:31+00:00\",\"dateModified\":\"2026-05-11T14:39:55+00:00\",\"breadcrumb\":{\"@id\":\"https:\\\/\\\/templehill.org\\\/oakland-temple-visitors-center-temporary-closure-summer-experience\\\/#breadcrumb\"},\"inLanguage\":\"es\",\"potentialAction\":[{\"@type\":\"ReadAction\",\"target\":[\"https:\\\/\\\/templehill.org\\\/oakland-temple-visitors-center-temporary-closure-summer-experience\\\/\"]}]},{\"@type\":\"ImageObject\",\"inLanguage\":\"es\",\"@id\":\"https:\\\/\\\/templehill.org\\\/oakland-temple-visitors-center-temporary-closure-summer-experience\\\/#primaryimage\",\"url\":\"https:\\\/\\\/templehill.org\\\/wp-content\\\/uploads\\\/2024\\\/06\\\/Oakland_Temple_and_VC-scaled.webp\",\"contentUrl\":\"https:\\\/\\\/templehill.org\\\/wp-content\\\/uploads\\\/2024\\\/06\\\/Oakland_Temple_and_VC-scaled.webp\",\"width\":1920,\"height\":836},{\"@type\":\"BreadcrumbList\",\"@id\":\"https:\\\/\\\/templehill.org\\\/oakland-temple-visitors-center-temporary-closure-summer-experience\\\/#breadcrumb\",\"itemListElement\":[{\"@type\":\"ListItem\",\"position\":1,\"name\":\"Home\",\"item\":\"https:\\\/\\\/templehill.org\\\/\"},{\"@type\":\"ListItem\",\"position\":2,\"name\":\"Oakland Temple Visitors\u2019 Center Temporary Closure &#038; Summer Experience\"}]},{\"@type\":\"WebSite\",\"@id\":\"https:\\\/\\\/templehill.org\\\/zh\\\/#website\",\"url\":\"https:\\\/\\\/templehill.org\\\/zh\\\/\",\"name\":\"TempleHill.org\",\"description\":\"Feel Welcome. Feel the Spirit. Feel Inspired.\",\"publisher\":{\"@id\":\"https:\\\/\\\/templehill.org\\\/zh\\\/#organization\"},\"potentialAction\":[{\"@type\":\"SearchAction\",\"target\":{\"@type\":\"EntryPoint\",\"urlTemplate\":\"https:\\\/\\\/templehill.org\\\/zh\\\/?s={search_term_string}\"},\"query-input\":{\"@type\":\"PropertyValueSpecification\",\"valueRequired\":true,\"valueName\":\"search_term_string\"}}],\"inLanguage\":\"es\"},{\"@type\":\"Organization\",\"@id\":\"https:\\\/\\\/templehill.org\\\/zh\\\/#organization\",\"name\":\"TempleHill.org\",\"url\":\"https:\\\/\\\/templehill.org\\\/zh\\\/\",\"logo\":{\"@type\":\"ImageObject\",\"inLanguage\":\"es\",\"@id\":\"https:\\\/\\\/templehill.org\\\/zh\\\/#\\\/schema\\\/logo\\\/image\\\/\",\"url\":\"https:\\\/\\\/templehill.org\\\/wp-content\\\/uploads\\\/2020\\\/06\\\/Temple-Hill-Oakland_logo_Stacked.png\",\"contentUrl\":\"https:\\\/\\\/templehill.org\\\/wp-content\\\/uploads\\\/2020\\\/06\\\/Temple-Hill-Oakland_logo_Stacked.png\",\"width\":1291,\"height\":533,\"caption\":\"TempleHill.org\"},\"image\":{\"@id\":\"https:\\\/\\\/templehill.org\\\/zh\\\/#\\\/schema\\\/logo\\\/image\\\/\"},\"sameAs\":[\"https:\\\/\\\/www.facebook.com\\\/OaklandTempleHill\",\"https:\\\/\\\/www.instagram.com\\\/oaklandtemplehill\\\/\"]},{\"@type\":\"Person\",\"@id\":\"https:\\\/\\\/templehill.org\\\/zh\\\/#\\\/schema\\\/person\\\/2be416650857af1896fcfb1105fcdc23\",\"name\":\"Temple Hill\",\"image\":{\"@type\":\"ImageObject\",\"inLanguage\":\"es\",\"@id\":\"https:\\\/\\\/secure.gravatar.com\\\/avatar\\\/83a6fa12f223451e05aeb99b999d83c182060894b442861245eb92c32c466eba?s=96&d=mm&r=g\",\"url\":\"https:\\\/\\\/secure.gravatar.com\\\/avatar\\\/83a6fa12f223451e05aeb99b999d83c182060894b442861245eb92c32c466eba?s=96&d=mm&r=g\",\"contentUrl\":\"https:\\\/\\\/secure.gravatar.com\\\/avatar\\\/83a6fa12f223451e05aeb99b999d83c182060894b442861245eb92c32c466eba?s=96&d=mm&r=g\",\"caption\":\"Temple Hill\"},\"url\":\"http:\\\/\\\/templehill.org\\\/es\\\/author\\\/dallinb\\\/\"}]}<\/script>\n<!-- \/ Yoast SEO plugin. -->","yoast_head_json":{"title":"Cierre temporal del Centro de Visitantes del Templo de Oakland y Experiencia de Verano - TempleHill.org","robots":{"index":"index","follow":"follow","max-snippet":"max-snippet:-1","max-image-preview":"max-image-preview:large","max-video-preview":"max-video-preview:-1"},"canonical":"https:\/\/templehill.org\/es\/oakland-temple-visitors-center-temporary-closure-summer-experience\/","og_locale":"es_MX","og_type":"article","og_title":"Oakland Temple Visitors\u2019 Center Temporary Closure & Summer Experience - TempleHill.org","og_description":"The Oakland Temple Visitors\u2019 Center will be temporarily closed for renovation beginning June 1 through September 1. These improvements are being made to better serve the thousands of guests who [&hellip;]","og_url":"https:\/\/templehill.org\/es\/oakland-temple-visitors-center-temporary-closure-summer-experience\/","og_site_name":"TempleHill.org","article_publisher":"https:\/\/www.facebook.com\/OaklandTempleHill","article_published_time":"2026-05-11T14:36:31+00:00","article_modified_time":"2026-05-11T14:39:55+00:00","og_image":[{"width":1920,"height":836,"url":"https:\/\/templehill.org\/wp-content\/uploads\/2024\/06\/Oakland_Temple_and_VC-scaled.webp","type":"image\/webp"}],"author":"Temple Hill","twitter_card":"summary_large_image","twitter_misc":{"Escrito por":"Temple Hill","Tiempo de lectura":"2 minutos"},"schema":{"@context":"https:\/\/schema.org","@graph":[{"@type":"Article","@id":"https:\/\/templehill.org\/oakland-temple-visitors-center-temporary-closure-summer-experience\/#article","isPartOf":{"@id":"https:\/\/templehill.org\/oakland-temple-visitors-center-temporary-closure-summer-experience\/"},"author":{"name":"Temple Hill","@id":"https:\/\/templehill.org\/zh\/#\/schema\/person\/2be416650857af1896fcfb1105fcdc23"},"headline":"Oakland Temple Visitors\u2019 Center Temporary Closure &#038; Summer Experience","datePublished":"2026-05-11T14:36:31+00:00","dateModified":"2026-05-11T14:39:55+00:00","mainEntityOfPage":{"@id":"https:\/\/templehill.org\/oakland-temple-visitors-center-temporary-closure-summer-experience\/"},"wordCount":252,"publisher":{"@id":"https:\/\/templehill.org\/zh\/#organization"},"image":{"@id":"https:\/\/templehill.org\/oakland-temple-visitors-center-temporary-closure-summer-experience\/#primaryimage"},"thumbnailUrl":"https:\/\/templehill.org\/wp-content\/uploads\/2024\/06\/Oakland_Temple_and_VC-scaled.webp","articleSection":["Facilities","News"],"inLanguage":"es"},{"@type":"WebPage","@id":"https:\/\/templehill.org\/oakland-temple-visitors-center-temporary-closure-summer-experience\/","url":"https:\/\/templehill.org\/oakland-temple-visitors-center-temporary-closure-summer-experience\/","name":"Oakland Temple Visitors\u2019 Center Temporary Closure & Summer Experience - TempleHill.org","isPartOf":{"@id":"https:\/\/templehill.org\/zh\/#website"},"primaryImageOfPage":{"@id":"https:\/\/templehill.org\/oakland-temple-visitors-center-temporary-closure-summer-experience\/#primaryimage"},"image":{"@id":"https:\/\/templehill.org\/oakland-temple-visitors-center-temporary-closure-summer-experience\/#primaryimage"},"thumbnailUrl":"https:\/\/templehill.org\/wp-content\/uploads\/2024\/06\/Oakland_Temple_and_VC-scaled.webp","datePublished":"2026-05-11T14:36:31+00:00","dateModified":"2026-05-11T14:39:55+00:00","breadcrumb":{"@id":"https:\/\/templehill.org\/oakland-temple-visitors-center-temporary-closure-summer-experience\/#breadcrumb"},"inLanguage":"es","potentialAction":[{"@type":"ReadAction","target":["https:\/\/templehill.org\/oakland-temple-visitors-center-temporary-closure-summer-experience\/"]}]},{"@type":"ImageObject","inLanguage":"es","@id":"https:\/\/templehill.org\/oakland-temple-visitors-center-temporary-closure-summer-experience\/#primaryimage","url":"https:\/\/templehill.org\/wp-content\/uploads\/2024\/06\/Oakland_Temple_and_VC-scaled.webp","contentUrl":"https:\/\/templehill.org\/wp-content\/uploads\/2024\/06\/Oakland_Temple_and_VC-scaled.webp","width":1920,"height":836},{"@type":"BreadcrumbList","@id":"https:\/\/templehill.org\/oakland-temple-visitors-center-temporary-closure-summer-experience\/#breadcrumb","itemListElement":[{"@type":"ListItem","position":1,"name":"Home","item":"https:\/\/templehill.org\/"},{"@type":"ListItem","position":2,"name":"Oakland Temple Visitors\u2019 Center Temporary Closure &#038; Summer Experience"}]},{"@type":"WebSite","@id":"https:\/\/templehill.org\/zh\/#website","url":"https:\/\/templehill.org\/zh\/","name":"TempleHill.org","description":"Feel Welcome. Feel the Spirit. Feel Inspired.","publisher":{"@id":"https:\/\/templehill.org\/zh\/#organization"},"potentialAction":[{"@type":"SearchAction","target":{"@type":"EntryPoint","urlTemplate":"https:\/\/templehill.org\/zh\/?s={search_term_string}"},"query-input":{"@type":"PropertyValueSpecification","valueRequired":true,"valueName":"search_term_string"}}],"inLanguage":"es"},{"@type":"Organization","@id":"https:\/\/templehill.org\/zh\/#organization","name":"TempleHill.org","url":"https:\/\/templehill.org\/zh\/","logo":{"@type":"ImageObject","inLanguage":"es","@id":"https:\/\/templehill.org\/zh\/#\/schema\/logo\/image\/","url":"https:\/\/templehill.org\/wp-content\/uploads\/2020\/06\/Temple-Hill-Oakland_logo_Stacked.png","contentUrl":"https:\/\/templehill.org\/wp-content\/uploads\/2020\/06\/Temple-Hill-Oakland_logo_Stacked.png","width":1291,"height":533,"caption":"TempleHill.org"},"image":{"@id":"https:\/\/templehill.org\/zh\/#\/schema\/logo\/image\/"},"sameAs":["https:\/\/www.facebook.com\/OaklandTempleHill","https:\/\/www.instagram.com\/oaklandtemplehill\/"]},{"@type":"Person","@id":"https:\/\/templehill.org\/zh\/#\/schema\/person\/2be416650857af1896fcfb1105fcdc23","name":"Temple Hill","image":{"@type":"ImageObject","inLanguage":"es","@id":"https:\/\/secure.gravatar.com\/avatar\/83a6fa12f223451e05aeb99b999d83c182060894b442861245eb92c32c466eba?s=96&d=mm&r=g","url":"https:\/\/secure.gravatar.com\/avatar\/83a6fa12f223451e05aeb99b999d83c182060894b442861245eb92c32c466eba?s=96&d=mm&r=g","contentUrl":"https:\/\/secure.gravatar.com\/avatar\/83a6fa12f223451e05aeb99b999d83c182060894b442861245eb92c32c466eba?s=96&d=mm&r=g","caption":"Temple Hill"},"url":"http:\/\/templehill.org\/es\/author\/dallinb\/"}]}},"_links":{"self":[{"href":"http:\/\/templehill.org\/es\/wp-json\/wp\/v2\/posts\/14397","targetHints":{"allow":["GET"]}}],"collection":[{"href":"http:\/\/templehill.org\/es\/wp-json\/wp\/v2\/posts"}],"about":[{"href":"http:\/\/templehill.org\/es\/wp-json\/wp\/v2\/types\/post"}],"author":[{"embeddable":true,"href":"http:\/\/templehill.org\/es\/wp-json\/wp\/v2\/users\/20"}],"replies":[{"embeddable":true,"href":"http:\/\/templehill.org\/es\/wp-json\/wp\/v2\/comments?post=14397"}],"version-history":[{"count":0,"href":"http:\/\/templehill.org\/es\/wp-json\/wp\/v2\/posts\/14397\/revisions"}],"wp:featuredmedia":[{"embeddable":true,"href":"http:\/\/templehill.org\/es\/wp-json\/wp\/v2\/media\/10319"}],"wp:attachment":[{"href":"http:\/\/templehill.org\/es\/wp-json\/wp\/v2\/media?parent=14397"}],"wp:term":[{"taxonomy":"category","embeddable":true,"href":"http:\/\/templehill.org\/es\/wp-json\/wp\/v2\/categories?post=14397"},{"taxonomy":"post_tag","embeddable":true,"href":"http:\/\/templehill.org\/es\/wp-json\/wp\/v2\/tags?post=14397"}],"curies":[{"name":"wp","href":"https:\/\/api.w.org\/{rel}","templated":true}]}},{"id":12033,"date":"2025-07-11T07:04:41","date_gmt":"2025-07-11T14:04:41","guid":{"rendered":"https:\/\/templehill.org\/?p=12033"},"modified":"2025-09-06T14:10:46","modified_gmt":"2025-09-06T21:10:46","slug":"why-the-third-baptist-church-in-san-fransisco-has-sung-come-come-ye-saints-for-decades","status":"publish","type":"post","link":"http:\/\/templehill.org\/es\/why-the-third-baptist-church-in-san-fransisco-has-sung-come-come-ye-saints-for-decades\/","title":{"rendered":"\u00bfPor qu\u00e9 la Tercera Iglesia Bautista de San Francisco ha cantado &quot;Venid, venid, santos&quot; durante d\u00e9cadas?"},"content":{"rendered":"<p class=\"wp-block-paragraph\">Compartido en TempleHill.org con permiso, publicado originalmente en Deseret.com el 28 de junio de 2025.<\/p>\n\n\n\n<p class=\"wp-block-paragraph\">Por Tad Walch, Deseret News<\/p>\n\n\n\n<p class=\"wp-block-paragraph\">Es bueno que \u201cCome, Come Ye Saints\u201d sea tan familiar para James Davis Jr. y el coro de la Tercera Iglesia Bautista de San Francisco.<\/p>\n\n\n\n<p class=\"wp-block-paragraph\">Davis Jr. comenz\u00f3 recientemente los ensayos con el elenco como director musical del pr\u00f3ximo espect\u00e1culo de Broadway \u201cPurple Rain\u201d despu\u00e9s de terminar una larga temporada en el mismo papel en la gira occidental de \u201cHamilton\u201d.\u201d<\/p>\n\n\n\n<p class=\"wp-block-paragraph\">Pero el fin de semana pasado abandon\u00f3 los ensayos en la ciudad de Nueva York para viajar a trav\u00e9s del pa\u00eds para ensayar el gran himno pionero de La Iglesia de Jesucristo de los Santos de los \u00daltimos D\u00edas con el coro de la Tercera Iglesia Bautista.<\/p>\n\n\n\n<p class=\"wp-block-paragraph\">Seleccionar <a href=\"https:\/\/www.deseret.com\/faith\/2025\/06\/28\/black-third-baptist-church-adopts-come-come-ye-saints-mormon-pioneers\/\" target=\"_blank\" rel=\"noreferrer noopener nofollow\">aqu\u00ed<\/a> para leer el resto del art\u00edculo en Deseret.com.<\/p>","protected":false},"excerpt":{"rendered":"<p>Shared on TempleHill.org with permission, originally published on Deseret.com on June 28, 2025. By Tad Walch, Deseret News It\u2019s a good thing \u201cCome, Come Ye Saints\u201d is so familiar to [&hellip;]<\/p>\n","protected":false},"author":20,"featured_media":13576,"comment_status":"open","ping_status":"open","sticky":false,"template":"","format":"standard","meta":{"_price":"","_stock":"","_tribe_ticket_header":"","_tribe_default_ticket_provider":"","_tribe_ticket_capacity":"0","_ticket_start_date":"","_ticket_end_date":"","_tribe_ticket_show_description":"","_tribe_ticket_show_not_going":false,"_tribe_ticket_use_global_stock":"","_tribe_ticket_global_stock_level":"","_global_stock_mode":"","_global_stock_cap":"","_tribe_rsvp_for_event":"","_tribe_ticket_going_count":"","_tribe_ticket_not_going_count":"","_tribe_tickets_list":"[]","_tribe_ticket_has_attendee_info_fields":false,"footnotes":""},"categories":[79,22,21],"tags":[129,101,130,102,103],"class_list":["post-12033","post","type-post","status-publish","format-standard","has-post-thumbnail","hentry","category-bay-area","category-education","category-news","tag-baptist","tag-bay-area","tag-interfaith","tag-news","tag-the-church-of-jesus-christ-of-latter-day-saints","entry"],"yoast_head":"<!-- This site is optimized with the Yoast SEO plugin v28.4 - https:\/\/yoast.com\/product\/yoast-seo-wordpress\/ -->\n<title>Why the Third Baptist Church in San Fransisco has sung &#039;Come, Come Ye Saints&#039; for decades - TempleHill.org<\/title>\n<meta name=\"robots\" content=\"index, follow, max-snippet:-1, max-image-preview:large, max-video-preview:-1\" \/>\n<link rel=\"canonical\" href=\"https:\/\/templehill.org\/es\/why-the-third-baptist-church-in-san-fransisco-has-sung-come-come-ye-saints-for-decades\/\" \/>\n<meta property=\"og:locale\" content=\"es_MX\" \/>\n<meta property=\"og:type\" content=\"article\" \/>\n<meta property=\"og:title\" content=\"Why the Third Baptist Church in San Fransisco has sung &#039;Come, Come Ye Saints&#039; for decades - TempleHill.org\" \/>\n<meta property=\"og:description\" content=\"Shared on TempleHill.org with permission, originally published on Deseret.com on June 28, 2025. By Tad Walch, Deseret News It\u2019s a good thing \u201cCome, Come Ye Saints\u201d is so familiar to [&hellip;]\" \/>\n<meta property=\"og:url\" content=\"https:\/\/templehill.org\/es\/why-the-third-baptist-church-in-san-fransisco-has-sung-come-come-ye-saints-for-decades\/\" \/>\n<meta property=\"og:site_name\" content=\"TempleHill.org\" \/>\n<meta property=\"article:publisher\" content=\"https:\/\/www.facebook.com\/OaklandTempleHill\" \/>\n<meta property=\"article:published_time\" content=\"2025-07-11T14:04:41+00:00\" \/>\n<meta property=\"article:modified_time\" content=\"2025-09-06T21:10:46+00:00\" \/>\n<meta property=\"og:image\" content=\"https:\/\/templehill.org\/wp-content\/uploads\/2025\/07\/Third-Baptist-Church-Choir.png\" \/>\n\t<meta property=\"og:image:width\" content=\"797\" \/>\n\t<meta property=\"og:image:height\" content=\"532\" \/>\n\t<meta property=\"og:image:type\" content=\"image\/png\" \/>\n<meta name=\"author\" content=\"Temple Hill\" \/>\n<meta name=\"twitter:card\" content=\"summary_large_image\" \/>\n<meta name=\"twitter:label1\" content=\"Escrito por\" \/>\n\t<meta name=\"twitter:data1\" content=\"Temple Hill\" \/>\n\t<meta name=\"twitter:label2\" content=\"Tiempo de lectura\" \/>\n\t<meta name=\"twitter:data2\" content=\"1 minuto\" \/>\n<script type=\"application\/ld+json\" class=\"yoast-schema-graph\">{\"@context\":\"https:\\\/\\\/schema.org\",\"@graph\":[{\"@type\":\"Article\",\"@id\":\"https:\\\/\\\/templehill.org\\\/why-the-third-baptist-church-in-san-fransisco-has-sung-come-come-ye-saints-for-decades\\\/#article\",\"isPartOf\":{\"@id\":\"https:\\\/\\\/templehill.org\\\/why-the-third-baptist-church-in-san-fransisco-has-sung-come-come-ye-saints-for-decades\\\/\"},\"author\":{\"name\":\"Temple Hill\",\"@id\":\"https:\\\/\\\/templehill.org\\\/zh\\\/#\\\/schema\\\/person\\\/2be416650857af1896fcfb1105fcdc23\"},\"headline\":\"Why the Third Baptist Church in San Fransisco has sung &#8216;Come, Come Ye Saints&#8217; for decades\",\"datePublished\":\"2025-07-11T14:04:41+00:00\",\"dateModified\":\"2025-09-06T21:10:46+00:00\",\"mainEntityOfPage\":{\"@id\":\"https:\\\/\\\/templehill.org\\\/why-the-third-baptist-church-in-san-fransisco-has-sung-come-come-ye-saints-for-decades\\\/\"},\"wordCount\":140,\"commentCount\":0,\"publisher\":{\"@id\":\"https:\\\/\\\/templehill.org\\\/zh\\\/#organization\"},\"image\":{\"@id\":\"https:\\\/\\\/templehill.org\\\/why-the-third-baptist-church-in-san-fransisco-has-sung-come-come-ye-saints-for-decades\\\/#primaryimage\"},\"thumbnailUrl\":\"https:\\\/\\\/templehill.org\\\/wp-content\\\/uploads\\\/2025\\\/07\\\/Third-Baptist-Church-Choir.webp\",\"keywords\":[\"Baptist\",\"bay area\",\"Interfaith\",\"news\",\"The Church of Jesus Christ of Latter-day Saints\"],\"articleSection\":[\"Bay Area\",\"Education\",\"News\"],\"inLanguage\":\"es\",\"potentialAction\":[{\"@type\":\"CommentAction\",\"name\":\"Comment\",\"target\":[\"https:\\\/\\\/templehill.org\\\/why-the-third-baptist-church-in-san-fransisco-has-sung-come-come-ye-saints-for-decades\\\/#respond\"]}]},{\"@type\":\"WebPage\",\"@id\":\"https:\\\/\\\/templehill.org\\\/why-the-third-baptist-church-in-san-fransisco-has-sung-come-come-ye-saints-for-decades\\\/\",\"url\":\"https:\\\/\\\/templehill.org\\\/why-the-third-baptist-church-in-san-fransisco-has-sung-come-come-ye-saints-for-decades\\\/\",\"name\":\"Why the Third Baptist Church in San Fransisco has sung 'Come, Come Ye Saints' for decades - TempleHill.org\",\"isPartOf\":{\"@id\":\"https:\\\/\\\/templehill.org\\\/zh\\\/#website\"},\"primaryImageOfPage\":{\"@id\":\"https:\\\/\\\/templehill.org\\\/why-the-third-baptist-church-in-san-fransisco-has-sung-come-come-ye-saints-for-decades\\\/#primaryimage\"},\"image\":{\"@id\":\"https:\\\/\\\/templehill.org\\\/why-the-third-baptist-church-in-san-fransisco-has-sung-come-come-ye-saints-for-decades\\\/#primaryimage\"},\"thumbnailUrl\":\"https:\\\/\\\/templehill.org\\\/wp-content\\\/uploads\\\/2025\\\/07\\\/Third-Baptist-Church-Choir.webp\",\"datePublished\":\"2025-07-11T14:04:41+00:00\",\"dateModified\":\"2025-09-06T21:10:46+00:00\",\"breadcrumb\":{\"@id\":\"https:\\\/\\\/templehill.org\\\/why-the-third-baptist-church-in-san-fransisco-has-sung-come-come-ye-saints-for-decades\\\/#breadcrumb\"},\"inLanguage\":\"es\",\"potentialAction\":[{\"@type\":\"ReadAction\",\"target\":[\"https:\\\/\\\/templehill.org\\\/why-the-third-baptist-church-in-san-fransisco-has-sung-come-come-ye-saints-for-decades\\\/\"]}]},{\"@type\":\"ImageObject\",\"inLanguage\":\"es\",\"@id\":\"https:\\\/\\\/templehill.org\\\/why-the-third-baptist-church-in-san-fransisco-has-sung-come-come-ye-saints-for-decades\\\/#primaryimage\",\"url\":\"https:\\\/\\\/templehill.org\\\/wp-content\\\/uploads\\\/2025\\\/07\\\/Third-Baptist-Church-Choir.webp\",\"contentUrl\":\"https:\\\/\\\/templehill.org\\\/wp-content\\\/uploads\\\/2025\\\/07\\\/Third-Baptist-Church-Choir.webp\",\"width\":797,\"height\":532},{\"@type\":\"BreadcrumbList\",\"@id\":\"https:\\\/\\\/templehill.org\\\/why-the-third-baptist-church-in-san-fransisco-has-sung-come-come-ye-saints-for-decades\\\/#breadcrumb\",\"itemListElement\":[{\"@type\":\"ListItem\",\"position\":1,\"name\":\"Home\",\"item\":\"https:\\\/\\\/templehill.org\\\/\"},{\"@type\":\"ListItem\",\"position\":2,\"name\":\"Why the Third Baptist Church in San Fransisco has sung &#8216;Come, Come Ye Saints&#8217; for decades\"}]},{\"@type\":\"WebSite\",\"@id\":\"https:\\\/\\\/templehill.org\\\/zh\\\/#website\",\"url\":\"https:\\\/\\\/templehill.org\\\/zh\\\/\",\"name\":\"TempleHill.org\",\"description\":\"Feel Welcome. Feel the Spirit. Feel Inspired.\",\"publisher\":{\"@id\":\"https:\\\/\\\/templehill.org\\\/zh\\\/#organization\"},\"potentialAction\":[{\"@type\":\"SearchAction\",\"target\":{\"@type\":\"EntryPoint\",\"urlTemplate\":\"https:\\\/\\\/templehill.org\\\/zh\\\/?s={search_term_string}\"},\"query-input\":{\"@type\":\"PropertyValueSpecification\",\"valueRequired\":true,\"valueName\":\"search_term_string\"}}],\"inLanguage\":\"es\"},{\"@type\":\"Organization\",\"@id\":\"https:\\\/\\\/templehill.org\\\/zh\\\/#organization\",\"name\":\"TempleHill.org\",\"url\":\"https:\\\/\\\/templehill.org\\\/zh\\\/\",\"logo\":{\"@type\":\"ImageObject\",\"inLanguage\":\"es\",\"@id\":\"https:\\\/\\\/templehill.org\\\/zh\\\/#\\\/schema\\\/logo\\\/image\\\/\",\"url\":\"https:\\\/\\\/templehill.org\\\/wp-content\\\/uploads\\\/2020\\\/06\\\/Temple-Hill-Oakland_logo_Stacked.png\",\"contentUrl\":\"https:\\\/\\\/templehill.org\\\/wp-content\\\/uploads\\\/2020\\\/06\\\/Temple-Hill-Oakland_logo_Stacked.png\",\"width\":1291,\"height\":533,\"caption\":\"TempleHill.org\"},\"image\":{\"@id\":\"https:\\\/\\\/templehill.org\\\/zh\\\/#\\\/schema\\\/logo\\\/image\\\/\"},\"sameAs\":[\"https:\\\/\\\/www.facebook.com\\\/OaklandTempleHill\",\"https:\\\/\\\/www.instagram.com\\\/oaklandtemplehill\\\/\"]},{\"@type\":\"Person\",\"@id\":\"https:\\\/\\\/templehill.org\\\/zh\\\/#\\\/schema\\\/person\\\/2be416650857af1896fcfb1105fcdc23\",\"name\":\"Temple Hill\",\"image\":{\"@type\":\"ImageObject\",\"inLanguage\":\"es\",\"@id\":\"https:\\\/\\\/secure.gravatar.com\\\/avatar\\\/83a6fa12f223451e05aeb99b999d83c182060894b442861245eb92c32c466eba?s=96&d=mm&r=g\",\"url\":\"https:\\\/\\\/secure.gravatar.com\\\/avatar\\\/83a6fa12f223451e05aeb99b999d83c182060894b442861245eb92c32c466eba?s=96&d=mm&r=g\",\"contentUrl\":\"https:\\\/\\\/secure.gravatar.com\\\/avatar\\\/83a6fa12f223451e05aeb99b999d83c182060894b442861245eb92c32c466eba?s=96&d=mm&r=g\",\"caption\":\"Temple Hill\"},\"url\":\"http:\\\/\\\/templehill.org\\\/es\\\/author\\\/dallinb\\\/\"}]}<\/script>\n<!-- \/ Yoast SEO plugin. -->","yoast_head_json":{"title":"Por qu\u00e9 la Tercera Iglesia Bautista de San Francisco ha cantado &quot;Venid, venid, santos&quot; durante d\u00e9cadas - TempleHill.org","robots":{"index":"index","follow":"follow","max-snippet":"max-snippet:-1","max-image-preview":"max-image-preview:large","max-video-preview":"max-video-preview:-1"},"canonical":"https:\/\/templehill.org\/es\/why-the-third-baptist-church-in-san-fransisco-has-sung-come-come-ye-saints-for-decades\/","og_locale":"es_MX","og_type":"article","og_title":"Why the Third Baptist Church in San Fransisco has sung 'Come, Come Ye Saints' for decades - TempleHill.org","og_description":"Shared on TempleHill.org with permission, originally published on Deseret.com on June 28, 2025. By Tad Walch, Deseret News It\u2019s a good thing \u201cCome, Come Ye Saints\u201d is so familiar to [&hellip;]","og_url":"https:\/\/templehill.org\/es\/why-the-third-baptist-church-in-san-fransisco-has-sung-come-come-ye-saints-for-decades\/","og_site_name":"TempleHill.org","article_publisher":"https:\/\/www.facebook.com\/OaklandTempleHill","article_published_time":"2025-07-11T14:04:41+00:00","article_modified_time":"2025-09-06T21:10:46+00:00","og_image":[{"width":797,"height":532,"url":"https:\/\/templehill.org\/wp-content\/uploads\/2025\/07\/Third-Baptist-Church-Choir.png","type":"image\/png"}],"author":"Temple Hill","twitter_card":"summary_large_image","twitter_misc":{"Escrito por":"Temple Hill","Tiempo de lectura":"1 minuto"},"schema":{"@context":"https:\/\/schema.org","@graph":[{"@type":"Article","@id":"https:\/\/templehill.org\/why-the-third-baptist-church-in-san-fransisco-has-sung-come-come-ye-saints-for-decades\/#article","isPartOf":{"@id":"https:\/\/templehill.org\/why-the-third-baptist-church-in-san-fransisco-has-sung-come-come-ye-saints-for-decades\/"},"author":{"name":"Temple Hill","@id":"https:\/\/templehill.org\/zh\/#\/schema\/person\/2be416650857af1896fcfb1105fcdc23"},"headline":"Why the Third Baptist Church in San Fransisco has sung &#8216;Come, Come Ye Saints&#8217; for decades","datePublished":"2025-07-11T14:04:41+00:00","dateModified":"2025-09-06T21:10:46+00:00","mainEntityOfPage":{"@id":"https:\/\/templehill.org\/why-the-third-baptist-church-in-san-fransisco-has-sung-come-come-ye-saints-for-decades\/"},"wordCount":140,"commentCount":0,"publisher":{"@id":"https:\/\/templehill.org\/zh\/#organization"},"image":{"@id":"https:\/\/templehill.org\/why-the-third-baptist-church-in-san-fransisco-has-sung-come-come-ye-saints-for-decades\/#primaryimage"},"thumbnailUrl":"https:\/\/templehill.org\/wp-content\/uploads\/2025\/07\/Third-Baptist-Church-Choir.webp","keywords":["Baptist","bay area","Interfaith","news","The Church of Jesus Christ of Latter-day Saints"],"articleSection":["Bay Area","Education","News"],"inLanguage":"es","potentialAction":[{"@type":"CommentAction","name":"Comment","target":["https:\/\/templehill.org\/why-the-third-baptist-church-in-san-fransisco-has-sung-come-come-ye-saints-for-decades\/#respond"]}]},{"@type":"WebPage","@id":"https:\/\/templehill.org\/why-the-third-baptist-church-in-san-fransisco-has-sung-come-come-ye-saints-for-decades\/","url":"https:\/\/templehill.org\/why-the-third-baptist-church-in-san-fransisco-has-sung-come-come-ye-saints-for-decades\/","name":"Why the Third Baptist Church in San Fransisco has sung 'Come, Come Ye Saints' for decades - TempleHill.org","isPartOf":{"@id":"https:\/\/templehill.org\/zh\/#website"},"primaryImageOfPage":{"@id":"https:\/\/templehill.org\/why-the-third-baptist-church-in-san-fransisco-has-sung-come-come-ye-saints-for-decades\/#primaryimage"},"image":{"@id":"https:\/\/templehill.org\/why-the-third-baptist-church-in-san-fransisco-has-sung-come-come-ye-saints-for-decades\/#primaryimage"},"thumbnailUrl":"https:\/\/templehill.org\/wp-content\/uploads\/2025\/07\/Third-Baptist-Church-Choir.webp","datePublished":"2025-07-11T14:04:41+00:00","dateModified":"2025-09-06T21:10:46+00:00","breadcrumb":{"@id":"https:\/\/templehill.org\/why-the-third-baptist-church-in-san-fransisco-has-sung-come-come-ye-saints-for-decades\/#breadcrumb"},"inLanguage":"es","potentialAction":[{"@type":"ReadAction","target":["https:\/\/templehill.org\/why-the-third-baptist-church-in-san-fransisco-has-sung-come-come-ye-saints-for-decades\/"]}]},{"@type":"ImageObject","inLanguage":"es","@id":"https:\/\/templehill.org\/why-the-third-baptist-church-in-san-fransisco-has-sung-come-come-ye-saints-for-decades\/#primaryimage","url":"https:\/\/templehill.org\/wp-content\/uploads\/2025\/07\/Third-Baptist-Church-Choir.webp","contentUrl":"https:\/\/templehill.org\/wp-content\/uploads\/2025\/07\/Third-Baptist-Church-Choir.webp","width":797,"height":532},{"@type":"BreadcrumbList","@id":"https:\/\/templehill.org\/why-the-third-baptist-church-in-san-fransisco-has-sung-come-come-ye-saints-for-decades\/#breadcrumb","itemListElement":[{"@type":"ListItem","position":1,"name":"Home","item":"https:\/\/templehill.org\/"},{"@type":"ListItem","position":2,"name":"Why the Third Baptist Church in San Fransisco has sung &#8216;Come, Come Ye Saints&#8217; for decades"}]},{"@type":"WebSite","@id":"https:\/\/templehill.org\/zh\/#website","url":"https:\/\/templehill.org\/zh\/","name":"TempleHill.org","description":"Feel Welcome. Feel the Spirit. Feel Inspired.","publisher":{"@id":"https:\/\/templehill.org\/zh\/#organization"},"potentialAction":[{"@type":"SearchAction","target":{"@type":"EntryPoint","urlTemplate":"https:\/\/templehill.org\/zh\/?s={search_term_string}"},"query-input":{"@type":"PropertyValueSpecification","valueRequired":true,"valueName":"search_term_string"}}],"inLanguage":"es"},{"@type":"Organization","@id":"https:\/\/templehill.org\/zh\/#organization","name":"TempleHill.org","url":"https:\/\/templehill.org\/zh\/","logo":{"@type":"ImageObject","inLanguage":"es","@id":"https:\/\/templehill.org\/zh\/#\/schema\/logo\/image\/","url":"https:\/\/templehill.org\/wp-content\/uploads\/2020\/06\/Temple-Hill-Oakland_logo_Stacked.png","contentUrl":"https:\/\/templehill.org\/wp-content\/uploads\/2020\/06\/Temple-Hill-Oakland_logo_Stacked.png","width":1291,"height":533,"caption":"TempleHill.org"},"image":{"@id":"https:\/\/templehill.org\/zh\/#\/schema\/logo\/image\/"},"sameAs":["https:\/\/www.facebook.com\/OaklandTempleHill","https:\/\/www.instagram.com\/oaklandtemplehill\/"]},{"@type":"Person","@id":"https:\/\/templehill.org\/zh\/#\/schema\/person\/2be416650857af1896fcfb1105fcdc23","name":"Temple Hill","image":{"@type":"ImageObject","inLanguage":"es","@id":"https:\/\/secure.gravatar.com\/avatar\/83a6fa12f223451e05aeb99b999d83c182060894b442861245eb92c32c466eba?s=96&d=mm&r=g","url":"https:\/\/secure.gravatar.com\/avatar\/83a6fa12f223451e05aeb99b999d83c182060894b442861245eb92c32c466eba?s=96&d=mm&r=g","contentUrl":"https:\/\/secure.gravatar.com\/avatar\/83a6fa12f223451e05aeb99b999d83c182060894b442861245eb92c32c466eba?s=96&d=mm&r=g","caption":"Temple Hill"},"url":"http:\/\/templehill.org\/es\/author\/dallinb\/"}]}},"_links":{"self":[{"href":"http:\/\/templehill.org\/es\/wp-json\/wp\/v2\/posts\/12033","targetHints":{"allow":["GET"]}}],"collection":[{"href":"http:\/\/templehill.org\/es\/wp-json\/wp\/v2\/posts"}],"about":[{"href":"http:\/\/templehill.org\/es\/wp-json\/wp\/v2\/types\/post"}],"author":[{"embeddable":true,"href":"http:\/\/templehill.org\/es\/wp-json\/wp\/v2\/users\/20"}],"replies":[{"embeddable":true,"href":"http:\/\/templehill.org\/es\/wp-json\/wp\/v2\/comments?post=12033"}],"version-history":[{"count":0,"href":"http:\/\/templehill.org\/es\/wp-json\/wp\/v2\/posts\/12033\/revisions"}],"wp:featuredmedia":[{"embeddable":true,"href":"http:\/\/templehill.org\/es\/wp-json\/wp\/v2\/media\/13576"}],"wp:attachment":[{"href":"http:\/\/templehill.org\/es\/wp-json\/wp\/v2\/media?parent=12033"}],"wp:term":[{"taxonomy":"category","embeddable":true,"href":"http:\/\/templehill.org\/es\/wp-json\/wp\/v2\/categories?post=12033"},{"taxonomy":"post_tag","embeddable":true,"href":"http:\/\/templehill.org\/es\/wp-json\/wp\/v2\/tags?post=12033"}],"curies":[{"name":"wp","href":"https:\/\/api.w.org\/{rel}","templated":true}]}},{"id":10381,"date":"2024-07-10T18:50:02","date_gmt":"2024-07-11T01:50:02","guid":{"rendered":"https:\/\/templehillstg.wpenginepowered.com\/?p=10381"},"modified":"2025-09-27T15:58:37","modified_gmt":"2025-09-27T22:58:37","slug":"new-statue-of-jesus-christ-unveiled-at-oakland-temple-visitors-center","status":"publish","type":"post","link":"http:\/\/templehill.org\/es\/new-statue-of-jesus-christ-unveiled-at-oakland-temple-visitors-center\/","title":{"rendered":"Se inaugura nueva estatua de Jesucristo en el Centro de Visitantes del Templo de Oakland"},"content":{"rendered":"<p class=\"wp-block-paragraph\"><strong><em>Por Janene Baadsgaard<\/em><\/strong><\/p>\n\n\n\n<p class=\"wp-block-paragraph\">El Centro de Visitantes del Templo de Oakland anuncia la adquisici\u00f3n de una nueva y sorprendente estatua de Jesucristo. Esta inspiradora r\u00e9plica de la famosa estatua del Cristo, que se exhibe en un pedestal a la entrada del centro, da la bienvenida a todos los visitantes. La nueva estatua se instal\u00f3 el mi\u00e9rcoles 26 de junio de 2024.<\/p>\n\n\n\n<p class=\"wp-block-paragraph\">La estatua original del Cristo, considerada por muchos como una de las mayores esculturas del cristianismo, fue realizada por Bertal Thorvaldsen a principios del siglo XIX y se encuentra en la Iglesia de Nuestra Se\u00f1ora en Copenhague, Dinamarca. Obtenga m\u00e1s informaci\u00f3n sobre la estatua original del Cristo aqu\u00ed:&nbsp;<\/p>\n\n\n\n<p class=\"wp-block-paragraph\"><a href=\"https:\/\/www.youtube.com\/watch?v=IyDSgOgNEgw\">Una cosa bella: Christus de Bertel Thorvaldsen<\/a><\/p>\n\n\n\n<p class=\"wp-block-paragraph\">Esta nueva estatua, que invita a la reflexi\u00f3n, presenta el cuerpo resucitado de Jes\u00fas con los brazos extendidos y dando la bienvenida. A medida que el espectador se acerca a la estatua de Cristo, se pueden ver los signos de su crucifixi\u00f3n, como heridas en sus manos, pies y costado descubierto. Quienes se toman un momento para detenerse, sienten una sensaci\u00f3n de reverencia al mirar el rostro amoroso de Jes\u00fas y contemplar el poder transformador del amor de Cristo.<\/p>\n\n\n\n<figure class=\"wp-block-image size-large is-resized\"><img decoding=\"async\" src=\"https:\/\/templehill.org\/wp-content\/uploads\/2024\/07\/IMG_2412-511x1024.jpg\" alt=\"\" class=\"wp-image-10382\" style=\"width:840px;height:auto\" \/><\/figure>\n\n\n\n<p class=\"wp-block-paragraph\">Los c\u00f3modos bancos que rodean la estatua ofrecen a los visitantes la oportunidad de estar en silencio y escuchar una grabaci\u00f3n de las palabras sanadoras de Cristo en su propio idioma. Aquellos que se sienten agobiados por los desaf\u00edos de la vida pueden descansar en este espacio y contemplar lo que la misi\u00f3n y las ense\u00f1anzas de Cristo significan para ellos. Estar cerca del Christus ayuda a recordar sus palabras: \u201cVenid a m\u00ed todos los que est\u00e1is trabajados y cargados, y yo os har\u00e9 descansar\u201d (Mateo 11:28).<\/p>\n\n\n\n<p class=\"wp-block-paragraph\">Los ni\u00f1os siempre son bienvenidos en el Centro de Visitantes y traen una feliz curiosidad y entusiasmo al ver la nueva estatua que recuerda a los observadores las palabras de Cristo: \u201cDejad a los ni\u00f1os, y no les impid\u00e1is venir a m\u00ed, porque de los tales es el reino de los cielos\u201d (Mateo 19:4).<\/p>\n\n\n\n<figure class=\"wp-block-image size-large\"><img loading=\"lazy\" decoding=\"async\" width=\"768\" height=\"1024\" src=\"https:\/\/templehill.org\/wp-content\/uploads\/2024\/07\/IMG_4586-768x1024.webp\" alt=\"\" class=\"wp-image-10383\" srcset=\"https:\/\/templehill.org\/wp-content\/uploads\/2024\/07\/IMG_4586-768x1024.webp 768w, https:\/\/templehill.org\/wp-content\/uploads\/2024\/07\/IMG_4586-225x300.webp 225w, https:\/\/templehill.org\/wp-content\/uploads\/2024\/07\/IMG_4586-1152x1536.webp 1152w, https:\/\/templehill.org\/wp-content\/uploads\/2024\/07\/IMG_4586-scaled.webp 1440w, https:\/\/templehill.org\/wp-content\/uploads\/2024\/07\/IMG_4586-9x12.webp 9w\" sizes=\"(max-width: 768px) 100vw, 768px\" \/><figcaption class=\"wp-element-caption\"><em>Eliana se\u00f1ala con entusiasmo la nueva estatua de Cristo con sus padres Selena y Saidu Conteh.<\/em><\/figcaption><\/figure>\n\n\n\n<p class=\"wp-block-paragraph\">La Iglesia de Jesucristo de los Santos de los \u00daltimos D\u00edas ha creado muchas r\u00e9plicas de esta famosa estatua del Christus y las exhibe en todo el mundo en centros de visitantes para proclamar la devoci\u00f3n de los miembros de la iglesia al Salvador y Sus ense\u00f1anzas.<\/p>\n\n\n\n<p class=\"wp-block-paragraph\">El \u00e9lder y la hermana Childs sirven como directores en el Centro de Visitantes. Ellos, junto con otras parejas mayores, ofrecen su tiempo como voluntarios para ayudar a los visitantes. Mujeres j\u00f3venes de todo el mundo que hablan muchos idiomas tambi\u00e9n sirven all\u00ed. \u00bfPor qu\u00e9 estas parejas mayores y mujeres j\u00f3venes dejar\u00edan sus hogares y familias para servir a sus propias expensas? \u201cAmo a mi Salvador con todo mi coraz\u00f3n y quiero servirle hasta mi \u00faltimo aliento\u201d, dijo el \u00e9lder Childs. \u201cTodos los d\u00edas veo a visitantes que miran la estatua y luego se arrodillan para orar. Despu\u00e9s de escuchar la narraci\u00f3n grabada de Cristo en su propio idioma, muchos lloran\u201d.<\/p>\n\n\n\n<figure class=\"wp-block-image size-large\"><img loading=\"lazy\" decoding=\"async\" width=\"768\" height=\"1024\" src=\"https:\/\/templehill.org\/wp-content\/uploads\/2024\/07\/VC-Directors-Larry-and-Geniel-Childs-768x1024.webp\" alt=\"\" class=\"wp-image-10384\" srcset=\"https:\/\/templehill.org\/wp-content\/uploads\/2024\/07\/VC-Directors-Larry-and-Geniel-Childs-768x1024.webp 768w, https:\/\/templehill.org\/wp-content\/uploads\/2024\/07\/VC-Directors-Larry-and-Geniel-Childs-225x300.webp 225w, https:\/\/templehill.org\/wp-content\/uploads\/2024\/07\/VC-Directors-Larry-and-Geniel-Childs-1152x1536.webp 1152w, https:\/\/templehill.org\/wp-content\/uploads\/2024\/07\/VC-Directors-Larry-and-Geniel-Childs-scaled.webp 1440w, https:\/\/templehill.org\/wp-content\/uploads\/2024\/07\/VC-Directors-Larry-and-Geniel-Childs-9x12.webp 9w\" sizes=\"(max-width: 768px) 100vw, 768px\" \/><figcaption class=\"wp-element-caption\"><em>\u00c9lder y Hermana Childs, Directores del Centro de Visitantes.&nbsp;<\/em><\/figcaption><\/figure>\n\n\n\n<p class=\"wp-block-paragraph\">\u201cMe siento muy honrada de servir aqu\u00ed\u201d, dijo la hermana Childs. \u201cCuando vienen visitantes, a menudo me dicen que sienten mucha paz. Otros dicen que nunca han estado en un lugar donde se sienten tan queridos y bienvenidos\u201d.<\/p>\n\n\n\n<figure class=\"wp-block-image size-large is-resized\"><img loading=\"lazy\" decoding=\"async\" width=\"701\" height=\"1024\" src=\"https:\/\/templehill.org\/wp-content\/uploads\/2024\/07\/IMG_4688-701x1024.webp\" alt=\"\" class=\"wp-image-10385\" style=\"width:840px;height:auto\" srcset=\"https:\/\/templehill.org\/wp-content\/uploads\/2024\/07\/IMG_4688-701x1024.webp 701w, https:\/\/templehill.org\/wp-content\/uploads\/2024\/07\/IMG_4688-205x300.webp 205w, https:\/\/templehill.org\/wp-content\/uploads\/2024\/07\/IMG_4688-768x1123.webp 768w, https:\/\/templehill.org\/wp-content\/uploads\/2024\/07\/IMG_4688-1051x1536.webp 1051w, https:\/\/templehill.org\/wp-content\/uploads\/2024\/07\/IMG_4688-8x12.webp 8w, https:\/\/templehill.org\/wp-content\/uploads\/2024\/07\/IMG_4688.webp 1126w\" sizes=\"(max-width: 701px) 100vw, 701px\" \/><figcaption class=\"wp-element-caption\"><em>Las hermanas misioneras est\u00e1n ansiosas por ayudar a los visitantes.<\/em><\/figcaption><\/figure>\n\n\n\n<p class=\"wp-block-paragraph\">El profeta y presidente Russel Nelson, de la Iglesia de Jesucristo de los Santos de los \u00daltimos D\u00edas, anunci\u00f3 un nuevo s\u00edmbolo para la Iglesia el 4 de abril de 2020, que incluye esta estatua del Christus. La Iglesia utiliza esta imagen de la estatua del Christus en sus p\u00e1ginas web y otras publicaciones oficiales.<\/p>\n\n\n\n<figure class=\"wp-block-image size-full\"><img loading=\"lazy\" decoding=\"async\" width=\"640\" height=\"480\" src=\"https:\/\/templehill.org\/wp-content\/uploads\/2024\/07\/1200x675size-English.webp\" alt=\"\" class=\"wp-image-10386\" srcset=\"https:\/\/templehill.org\/wp-content\/uploads\/2024\/07\/1200x675size-English.webp 640w, https:\/\/templehill.org\/wp-content\/uploads\/2024\/07\/1200x675size-English-300x225.webp 300w, https:\/\/templehill.org\/wp-content\/uploads\/2024\/07\/1200x675size-English-16x12.webp 16w\" sizes=\"(max-width: 640px) 100vw, 640px\" \/><\/figure>\n\n\n\n<p class=\"wp-block-paragraph\">El Centro de Visitantes del Templo de Oakland es gratuito y est\u00e1 abierto al p\u00fablico todos los d\u00edas de 9:00 a 21:00 horas. Los visitantes pueden dar un paseo informal por el centro, solicitar una visita guiada o simplemente disfrutar de una vista espectacular de la zona de la Bah\u00eda desde las ventanas traseras. Para obtener m\u00e1s informaci\u00f3n sobre las visitas que ofrece el Centro de Visitantes, consulte la p\u00e1gina de Facebook del Centro de Visitantes del Templo de Oakland.<\/p>","protected":false},"excerpt":{"rendered":"<p>By Janene Baadsgaard The Visitors\u2019 Center at the Oakland Temple announces the acquisition of a stunning new statue of Jesus Christ. Displayed on a pedestal in the entrance to the [&hellip;]<\/p>\n","protected":false},"author":13,"featured_media":10387,"comment_status":"open","ping_status":"open","sticky":false,"template":"","format":"standard","meta":{"_price":"","_stock":"","_tribe_ticket_header":"","_tribe_default_ticket_provider":"","_tribe_ticket_capacity":"0","_ticket_start_date":"","_ticket_end_date":"","_tribe_ticket_show_description":"","_tribe_ticket_show_not_going":false,"_tribe_ticket_use_global_stock":"","_tribe_ticket_global_stock_level":"","_global_stock_mode":"","_global_stock_cap":"","_tribe_rsvp_for_event":"","_tribe_ticket_going_count":"","_tribe_ticket_not_going_count":"","_tribe_tickets_list":"[]","_tribe_ticket_has_attendee_info_fields":false,"footnotes":""},"categories":[75,79,74,78],"tags":[],"class_list":["post-10381","post","type-post","status-publish","format-standard","has-post-thumbnail","hentry","category-announcements","category-bay-area","category-facilities","category-oakland","entry"],"yoast_head":"<!-- This site is optimized with the Yoast SEO plugin v28.4 - https:\/\/yoast.com\/product\/yoast-seo-wordpress\/ -->\n<title>New statue of Jesus Christ unveiled at Oakland Temple Visitors\u2019 Center - TempleHill.org<\/title>\n<meta name=\"robots\" content=\"index, follow, max-snippet:-1, max-image-preview:large, max-video-preview:-1\" \/>\n<link rel=\"canonical\" href=\"https:\/\/templehill.org\/es\/new-statue-of-jesus-christ-unveiled-at-oakland-temple-visitors-center\/\" \/>\n<meta property=\"og:locale\" content=\"es_MX\" \/>\n<meta property=\"og:type\" content=\"article\" \/>\n<meta property=\"og:title\" content=\"New statue of Jesus Christ unveiled at Oakland Temple Visitors\u2019 Center - TempleHill.org\" \/>\n<meta property=\"og:description\" content=\"By Janene Baadsgaard The Visitors\u2019 Center at the Oakland Temple announces the acquisition of a stunning new statue of Jesus Christ. Displayed on a pedestal in the entrance to the [&hellip;]\" \/>\n<meta property=\"og:url\" content=\"https:\/\/templehill.org\/es\/new-statue-of-jesus-christ-unveiled-at-oakland-temple-visitors-center\/\" \/>\n<meta property=\"og:site_name\" content=\"TempleHill.org\" \/>\n<meta property=\"article:publisher\" content=\"https:\/\/www.facebook.com\/OaklandTempleHill\" \/>\n<meta property=\"article:published_time\" content=\"2024-07-11T01:50:02+00:00\" \/>\n<meta property=\"article:modified_time\" content=\"2025-09-27T22:58:37+00:00\" \/>\n<meta property=\"og:image\" content=\"https:\/\/templehill.org\/wp-content\/uploads\/2024\/07\/Screen-Shot-2024-07-10-at-6.49.08-PM.webp\" \/>\n\t<meta property=\"og:image:width\" content=\"1242\" \/>\n\t<meta property=\"og:image:height\" content=\"1218\" \/>\n\t<meta property=\"og:image:type\" content=\"image\/webp\" \/>\n<meta name=\"author\" content=\"Marisa Montierth\" \/>\n<meta name=\"twitter:card\" content=\"summary_large_image\" \/>\n<meta name=\"twitter:label1\" content=\"Escrito por\" \/>\n\t<meta name=\"twitter:data1\" content=\"Marisa Montierth\" \/>\n\t<meta name=\"twitter:label2\" content=\"Tiempo de lectura\" \/>\n\t<meta name=\"twitter:data2\" content=\"4 minutos\" \/>\n<script type=\"application\/ld+json\" class=\"yoast-schema-graph\">{\"@context\":\"https:\\\/\\\/schema.org\",\"@graph\":[{\"@type\":\"Article\",\"@id\":\"https:\\\/\\\/templehill.org\\\/new-statue-of-jesus-christ-unveiled-at-oakland-temple-visitors-center\\\/#article\",\"isPartOf\":{\"@id\":\"https:\\\/\\\/templehill.org\\\/new-statue-of-jesus-christ-unveiled-at-oakland-temple-visitors-center\\\/\"},\"author\":{\"name\":\"Marisa Montierth\",\"@id\":\"https:\\\/\\\/templehill.org\\\/zh\\\/#\\\/schema\\\/person\\\/0c0fa294cc445f121adc178ce87b7f8b\"},\"headline\":\"New statue of Jesus Christ unveiled at Oakland Temple Visitors\u2019 Center\",\"datePublished\":\"2024-07-11T01:50:02+00:00\",\"dateModified\":\"2025-09-27T22:58:37+00:00\",\"mainEntityOfPage\":{\"@id\":\"https:\\\/\\\/templehill.org\\\/new-statue-of-jesus-christ-unveiled-at-oakland-temple-visitors-center\\\/\"},\"wordCount\":631,\"commentCount\":0,\"publisher\":{\"@id\":\"https:\\\/\\\/templehill.org\\\/zh\\\/#organization\"},\"image\":{\"@id\":\"https:\\\/\\\/templehill.org\\\/new-statue-of-jesus-christ-unveiled-at-oakland-temple-visitors-center\\\/#primaryimage\"},\"thumbnailUrl\":\"https:\\\/\\\/templehill.org\\\/wp-content\\\/uploads\\\/2024\\\/07\\\/Screen-Shot-2024-07-10-at-6.49.08-PM.webp\",\"articleSection\":[\"Announcements\",\"Bay Area\",\"Facilities\",\"Oakland\"],\"inLanguage\":\"es\",\"potentialAction\":[{\"@type\":\"CommentAction\",\"name\":\"Comment\",\"target\":[\"https:\\\/\\\/templehill.org\\\/new-statue-of-jesus-christ-unveiled-at-oakland-temple-visitors-center\\\/#respond\"]}]},{\"@type\":\"WebPage\",\"@id\":\"https:\\\/\\\/templehill.org\\\/new-statue-of-jesus-christ-unveiled-at-oakland-temple-visitors-center\\\/\",\"url\":\"https:\\\/\\\/templehill.org\\\/new-statue-of-jesus-christ-unveiled-at-oakland-temple-visitors-center\\\/\",\"name\":\"New statue of Jesus Christ unveiled at Oakland Temple Visitors\u2019 Center - TempleHill.org\",\"isPartOf\":{\"@id\":\"https:\\\/\\\/templehill.org\\\/zh\\\/#website\"},\"primaryImageOfPage\":{\"@id\":\"https:\\\/\\\/templehill.org\\\/new-statue-of-jesus-christ-unveiled-at-oakland-temple-visitors-center\\\/#primaryimage\"},\"image\":{\"@id\":\"https:\\\/\\\/templehill.org\\\/new-statue-of-jesus-christ-unveiled-at-oakland-temple-visitors-center\\\/#primaryimage\"},\"thumbnailUrl\":\"https:\\\/\\\/templehill.org\\\/wp-content\\\/uploads\\\/2024\\\/07\\\/Screen-Shot-2024-07-10-at-6.49.08-PM.webp\",\"datePublished\":\"2024-07-11T01:50:02+00:00\",\"dateModified\":\"2025-09-27T22:58:37+00:00\",\"breadcrumb\":{\"@id\":\"https:\\\/\\\/templehill.org\\\/new-statue-of-jesus-christ-unveiled-at-oakland-temple-visitors-center\\\/#breadcrumb\"},\"inLanguage\":\"es\",\"potentialAction\":[{\"@type\":\"ReadAction\",\"target\":[\"https:\\\/\\\/templehill.org\\\/new-statue-of-jesus-christ-unveiled-at-oakland-temple-visitors-center\\\/\"]}]},{\"@type\":\"ImageObject\",\"inLanguage\":\"es\",\"@id\":\"https:\\\/\\\/templehill.org\\\/new-statue-of-jesus-christ-unveiled-at-oakland-temple-visitors-center\\\/#primaryimage\",\"url\":\"https:\\\/\\\/templehill.org\\\/wp-content\\\/uploads\\\/2024\\\/07\\\/Screen-Shot-2024-07-10-at-6.49.08-PM.webp\",\"contentUrl\":\"https:\\\/\\\/templehill.org\\\/wp-content\\\/uploads\\\/2024\\\/07\\\/Screen-Shot-2024-07-10-at-6.49.08-PM.webp\",\"width\":1242,\"height\":1218},{\"@type\":\"BreadcrumbList\",\"@id\":\"https:\\\/\\\/templehill.org\\\/new-statue-of-jesus-christ-unveiled-at-oakland-temple-visitors-center\\\/#breadcrumb\",\"itemListElement\":[{\"@type\":\"ListItem\",\"position\":1,\"name\":\"Home\",\"item\":\"https:\\\/\\\/templehill.org\\\/\"},{\"@type\":\"ListItem\",\"position\":2,\"name\":\"New statue of Jesus Christ unveiled at Oakland Temple Visitors\u2019 Center\"}]},{\"@type\":\"WebSite\",\"@id\":\"https:\\\/\\\/templehill.org\\\/zh\\\/#website\",\"url\":\"https:\\\/\\\/templehill.org\\\/zh\\\/\",\"name\":\"TempleHill.org\",\"description\":\"Feel Welcome. Feel the Spirit. Feel Inspired.\",\"publisher\":{\"@id\":\"https:\\\/\\\/templehill.org\\\/zh\\\/#organization\"},\"potentialAction\":[{\"@type\":\"SearchAction\",\"target\":{\"@type\":\"EntryPoint\",\"urlTemplate\":\"https:\\\/\\\/templehill.org\\\/zh\\\/?s={search_term_string}\"},\"query-input\":{\"@type\":\"PropertyValueSpecification\",\"valueRequired\":true,\"valueName\":\"search_term_string\"}}],\"inLanguage\":\"es\"},{\"@type\":\"Organization\",\"@id\":\"https:\\\/\\\/templehill.org\\\/zh\\\/#organization\",\"name\":\"TempleHill.org\",\"url\":\"https:\\\/\\\/templehill.org\\\/zh\\\/\",\"logo\":{\"@type\":\"ImageObject\",\"inLanguage\":\"es\",\"@id\":\"https:\\\/\\\/templehill.org\\\/zh\\\/#\\\/schema\\\/logo\\\/image\\\/\",\"url\":\"https:\\\/\\\/templehill.org\\\/wp-content\\\/uploads\\\/2020\\\/06\\\/Temple-Hill-Oakland_logo_Stacked.png\",\"contentUrl\":\"https:\\\/\\\/templehill.org\\\/wp-content\\\/uploads\\\/2020\\\/06\\\/Temple-Hill-Oakland_logo_Stacked.png\",\"width\":1291,\"height\":533,\"caption\":\"TempleHill.org\"},\"image\":{\"@id\":\"https:\\\/\\\/templehill.org\\\/zh\\\/#\\\/schema\\\/logo\\\/image\\\/\"},\"sameAs\":[\"https:\\\/\\\/www.facebook.com\\\/OaklandTempleHill\",\"https:\\\/\\\/www.instagram.com\\\/oaklandtemplehill\\\/\"]},{\"@type\":\"Person\",\"@id\":\"https:\\\/\\\/templehill.org\\\/zh\\\/#\\\/schema\\\/person\\\/0c0fa294cc445f121adc178ce87b7f8b\",\"name\":\"Marisa Montierth\",\"image\":{\"@type\":\"ImageObject\",\"inLanguage\":\"es\",\"@id\":\"https:\\\/\\\/secure.gravatar.com\\\/avatar\\\/5b3431e36a23cbb3961f96809408e4eb482ff99533291a5d0c963879b77d2b8a?s=96&d=mm&r=g\",\"url\":\"https:\\\/\\\/secure.gravatar.com\\\/avatar\\\/5b3431e36a23cbb3961f96809408e4eb482ff99533291a5d0c963879b77d2b8a?s=96&d=mm&r=g\",\"contentUrl\":\"https:\\\/\\\/secure.gravatar.com\\\/avatar\\\/5b3431e36a23cbb3961f96809408e4eb482ff99533291a5d0c963879b77d2b8a?s=96&d=mm&r=g\",\"caption\":\"Marisa Montierth\"},\"url\":\"http:\\\/\\\/templehill.org\\\/es\\\/author\\\/marisa\\\/\"}]}<\/script>\n<!-- \/ Yoast SEO plugin. -->","yoast_head_json":{"title":"Se inaugura nueva estatua de Jesucristo en el Centro de Visitantes del Templo de Oakland - TempleHill.org","robots":{"index":"index","follow":"follow","max-snippet":"max-snippet:-1","max-image-preview":"max-image-preview:large","max-video-preview":"max-video-preview:-1"},"canonical":"https:\/\/templehill.org\/es\/new-statue-of-jesus-christ-unveiled-at-oakland-temple-visitors-center\/","og_locale":"es_MX","og_type":"article","og_title":"New statue of Jesus Christ unveiled at Oakland Temple Visitors\u2019 Center - TempleHill.org","og_description":"By Janene Baadsgaard The Visitors\u2019 Center at the Oakland Temple announces the acquisition of a stunning new statue of Jesus Christ. Displayed on a pedestal in the entrance to the [&hellip;]","og_url":"https:\/\/templehill.org\/es\/new-statue-of-jesus-christ-unveiled-at-oakland-temple-visitors-center\/","og_site_name":"TempleHill.org","article_publisher":"https:\/\/www.facebook.com\/OaklandTempleHill","article_published_time":"2024-07-11T01:50:02+00:00","article_modified_time":"2025-09-27T22:58:37+00:00","og_image":[{"width":1242,"height":1218,"url":"https:\/\/templehill.org\/wp-content\/uploads\/2024\/07\/Screen-Shot-2024-07-10-at-6.49.08-PM.webp","type":"image\/webp"}],"author":"Marisa Montierth","twitter_card":"summary_large_image","twitter_misc":{"Escrito por":"Marisa Montierth","Tiempo de lectura":"4 minutos"},"schema":{"@context":"https:\/\/schema.org","@graph":[{"@type":"Article","@id":"https:\/\/templehill.org\/new-statue-of-jesus-christ-unveiled-at-oakland-temple-visitors-center\/#article","isPartOf":{"@id":"https:\/\/templehill.org\/new-statue-of-jesus-christ-unveiled-at-oakland-temple-visitors-center\/"},"author":{"name":"Marisa Montierth","@id":"https:\/\/templehill.org\/zh\/#\/schema\/person\/0c0fa294cc445f121adc178ce87b7f8b"},"headline":"New statue of Jesus Christ unveiled at Oakland Temple Visitors\u2019 Center","datePublished":"2024-07-11T01:50:02+00:00","dateModified":"2025-09-27T22:58:37+00:00","mainEntityOfPage":{"@id":"https:\/\/templehill.org\/new-statue-of-jesus-christ-unveiled-at-oakland-temple-visitors-center\/"},"wordCount":631,"commentCount":0,"publisher":{"@id":"https:\/\/templehill.org\/zh\/#organization"},"image":{"@id":"https:\/\/templehill.org\/new-statue-of-jesus-christ-unveiled-at-oakland-temple-visitors-center\/#primaryimage"},"thumbnailUrl":"https:\/\/templehill.org\/wp-content\/uploads\/2024\/07\/Screen-Shot-2024-07-10-at-6.49.08-PM.webp","articleSection":["Announcements","Bay Area","Facilities","Oakland"],"inLanguage":"es","potentialAction":[{"@type":"CommentAction","name":"Comment","target":["https:\/\/templehill.org\/new-statue-of-jesus-christ-unveiled-at-oakland-temple-visitors-center\/#respond"]}]},{"@type":"WebPage","@id":"https:\/\/templehill.org\/new-statue-of-jesus-christ-unveiled-at-oakland-temple-visitors-center\/","url":"https:\/\/templehill.org\/new-statue-of-jesus-christ-unveiled-at-oakland-temple-visitors-center\/","name":"New statue of Jesus Christ unveiled at Oakland Temple Visitors\u2019 Center - TempleHill.org","isPartOf":{"@id":"https:\/\/templehill.org\/zh\/#website"},"primaryImageOfPage":{"@id":"https:\/\/templehill.org\/new-statue-of-jesus-christ-unveiled-at-oakland-temple-visitors-center\/#primaryimage"},"image":{"@id":"https:\/\/templehill.org\/new-statue-of-jesus-christ-unveiled-at-oakland-temple-visitors-center\/#primaryimage"},"thumbnailUrl":"https:\/\/templehill.org\/wp-content\/uploads\/2024\/07\/Screen-Shot-2024-07-10-at-6.49.08-PM.webp","datePublished":"2024-07-11T01:50:02+00:00","dateModified":"2025-09-27T22:58:37+00:00","breadcrumb":{"@id":"https:\/\/templehill.org\/new-statue-of-jesus-christ-unveiled-at-oakland-temple-visitors-center\/#breadcrumb"},"inLanguage":"es","potentialAction":[{"@type":"ReadAction","target":["https:\/\/templehill.org\/new-statue-of-jesus-christ-unveiled-at-oakland-temple-visitors-center\/"]}]},{"@type":"ImageObject","inLanguage":"es","@id":"https:\/\/templehill.org\/new-statue-of-jesus-christ-unveiled-at-oakland-temple-visitors-center\/#primaryimage","url":"https:\/\/templehill.org\/wp-content\/uploads\/2024\/07\/Screen-Shot-2024-07-10-at-6.49.08-PM.webp","contentUrl":"https:\/\/templehill.org\/wp-content\/uploads\/2024\/07\/Screen-Shot-2024-07-10-at-6.49.08-PM.webp","width":1242,"height":1218},{"@type":"BreadcrumbList","@id":"https:\/\/templehill.org\/new-statue-of-jesus-christ-unveiled-at-oakland-temple-visitors-center\/#breadcrumb","itemListElement":[{"@type":"ListItem","position":1,"name":"Home","item":"https:\/\/templehill.org\/"},{"@type":"ListItem","position":2,"name":"New statue of Jesus Christ unveiled at Oakland Temple Visitors\u2019 Center"}]},{"@type":"WebSite","@id":"https:\/\/templehill.org\/zh\/#website","url":"https:\/\/templehill.org\/zh\/","name":"TempleHill.org","description":"Feel Welcome. Feel the Spirit. Feel Inspired.","publisher":{"@id":"https:\/\/templehill.org\/zh\/#organization"},"potentialAction":[{"@type":"SearchAction","target":{"@type":"EntryPoint","urlTemplate":"https:\/\/templehill.org\/zh\/?s={search_term_string}"},"query-input":{"@type":"PropertyValueSpecification","valueRequired":true,"valueName":"search_term_string"}}],"inLanguage":"es"},{"@type":"Organization","@id":"https:\/\/templehill.org\/zh\/#organization","name":"TempleHill.org","url":"https:\/\/templehill.org\/zh\/","logo":{"@type":"ImageObject","inLanguage":"es","@id":"https:\/\/templehill.org\/zh\/#\/schema\/logo\/image\/","url":"https:\/\/templehill.org\/wp-content\/uploads\/2020\/06\/Temple-Hill-Oakland_logo_Stacked.png","contentUrl":"https:\/\/templehill.org\/wp-content\/uploads\/2020\/06\/Temple-Hill-Oakland_logo_Stacked.png","width":1291,"height":533,"caption":"TempleHill.org"},"image":{"@id":"https:\/\/templehill.org\/zh\/#\/schema\/logo\/image\/"},"sameAs":["https:\/\/www.facebook.com\/OaklandTempleHill","https:\/\/www.instagram.com\/oaklandtemplehill\/"]},{"@type":"Person","@id":"https:\/\/templehill.org\/zh\/#\/schema\/person\/0c0fa294cc445f121adc178ce87b7f8b","name":"Marisa Montierth","image":{"@type":"ImageObject","inLanguage":"es","@id":"https:\/\/secure.gravatar.com\/avatar\/5b3431e36a23cbb3961f96809408e4eb482ff99533291a5d0c963879b77d2b8a?s=96&d=mm&r=g","url":"https:\/\/secure.gravatar.com\/avatar\/5b3431e36a23cbb3961f96809408e4eb482ff99533291a5d0c963879b77d2b8a?s=96&d=mm&r=g","contentUrl":"https:\/\/secure.gravatar.com\/avatar\/5b3431e36a23cbb3961f96809408e4eb482ff99533291a5d0c963879b77d2b8a?s=96&d=mm&r=g","caption":"Marisa Montierth"},"url":"http:\/\/templehill.org\/es\/author\/marisa\/"}]}},"_links":{"self":[{"href":"http:\/\/templehill.org\/es\/wp-json\/wp\/v2\/posts\/10381","targetHints":{"allow":["GET"]}}],"collection":[{"href":"http:\/\/templehill.org\/es\/wp-json\/wp\/v2\/posts"}],"about":[{"href":"http:\/\/templehill.org\/es\/wp-json\/wp\/v2\/types\/post"}],"author":[{"embeddable":true,"href":"http:\/\/templehill.org\/es\/wp-json\/wp\/v2\/users\/13"}],"replies":[{"embeddable":true,"href":"http:\/\/templehill.org\/es\/wp-json\/wp\/v2\/comments?post=10381"}],"version-history":[{"count":0,"href":"http:\/\/templehill.org\/es\/wp-json\/wp\/v2\/posts\/10381\/revisions"}],"wp:featuredmedia":[{"embeddable":true,"href":"http:\/\/templehill.org\/es\/wp-json\/wp\/v2\/media\/10387"}],"wp:attachment":[{"href":"http:\/\/templehill.org\/es\/wp-json\/wp\/v2\/media?parent=10381"}],"wp:term":[{"taxonomy":"category","embeddable":true,"href":"http:\/\/templehill.org\/es\/wp-json\/wp\/v2\/categories?post=10381"},{"taxonomy":"post_tag","embeddable":true,"href":"http:\/\/templehill.org\/es\/wp-json\/wp\/v2\/tags?post=10381"}],"curies":[{"name":"wp","href":"https:\/\/api.w.org\/{rel}","templated":true}]}},{"id":10314,"date":"2024-06-13T14:07:16","date_gmt":"2024-06-13T21:07:16","guid":{"rendered":"https:\/\/templehillstg.wpenginepowered.com\/?p=10314"},"modified":"2025-09-27T16:07:37","modified_gmt":"2025-09-27T23:07:37","slug":"visit-the-oakland-familysearch-center-today","status":"publish","type":"post","link":"http:\/\/templehill.org\/es\/visit-the-oakland-familysearch-center-today\/","title":{"rendered":"\u00a1Visite el Centro FamilySearch de Oakland hoy!"},"content":{"rendered":"<p class=\"wp-block-paragraph\"><em>Por Laurie Wolf<\/em><\/p>\n\n\n\n<p class=\"wp-block-paragraph\"><strong>Centro de b\u00fasqueda familiar de Oakland<\/strong><\/p>\n\n\n\n<p class=\"wp-block-paragraph\">El Centro FamilySearch ofrece atractivos servicios gratuitos que ayudan a los visitantes a realizar divertidos descubrimientos personales y familiares, a preservar digitalmente registros antiguos para luego compartir sus recuerdos familiares.<\/p>\n\n\n\n<p class=\"wp-block-paragraph\">El Oakland FamilySearch Center gratuito es una gran atracci\u00f3n si usted:<\/p>\n\n\n\n<p class=\"wp-block-paragraph\">\u2022 Est\u00e1n buscando una actividad divertida para personas de todas las edades en su familia o grupo.<\/p>\n\n\n\n<p class=\"wp-block-paragraph\">\u2022 Tenga una curiosidad persistente sobre la historia de su familia.<\/p>\n\n\n\n<p class=\"wp-block-paragraph\">\u2022 Deseo de ver si podr\u00eda ser pariente de alguien famoso.<\/p>\n\n\n\n<p class=\"wp-block-paragraph\">\u2022 Quiere aprender c\u00f3mo empezar a completar los ancestros que faltan en su \u00e1rbol geneal\u00f3gico.<\/p>\n\n\n\n<p class=\"wp-block-paragraph\">\u2022 Tenga algunas fotograf\u00edas familiares antiguas, cintas de v\u00eddeo, pel\u00edculas o carretes, o correspondencia que desee conservar y compartir digitalmente.<\/p>\n\n\n\n<p class=\"wp-block-paragraph\">Comience a hacer planes para experimentar los incre\u00edbles servicios gratuitos que ahora est\u00e1n disponibles en Oakland FamilySearch Center. Aqu\u00ed hay algo maravilloso para hu\u00e9spedes de todas las edades.<\/p>\n\n\n\n<p class=\"wp-block-paragraph\"><strong>Actividades y recursos del Centro FamilySearch de Oakland<\/strong><\/p>\n\n\n\n<p class=\"wp-block-paragraph\">Los visitantes seguramente tendr\u00e1n \u00e9xito r\u00e1pidamente en el Centro FamilySearch de Oakland mientras aprovechan los vastos recursos hist\u00f3ricos de FamilySearch y el acceso gratuito a servicios geneal\u00f3gicos premium en l\u00ednea. El Centro ofrece 88 computadoras para que los usuarios realicen investigaciones de historia familiar, digitalicen medios y las utilicen en nuestro laboratorio de aprendizaje de computadoras. El centro tambi\u00e9n dispone de una gran sala de presentaciones para grupos.<\/p>\n\n\n\n<figure class=\"wp-block-image size-large\"><img loading=\"lazy\" decoding=\"async\" width=\"1024\" height=\"389\" src=\"https:\/\/templehill.org\/wp-content\/uploads\/2024\/06\/Screen-Shot-2024-06-13-at-1.53.20-PM-1024x389.webp\" alt=\"\" class=\"wp-image-10315\" srcset=\"https:\/\/templehill.org\/wp-content\/uploads\/2024\/06\/Screen-Shot-2024-06-13-at-1.53.20-PM-1024x389.webp 1024w, https:\/\/templehill.org\/wp-content\/uploads\/2024\/06\/Screen-Shot-2024-06-13-at-1.53.20-PM-300x114.webp 300w, https:\/\/templehill.org\/wp-content\/uploads\/2024\/06\/Screen-Shot-2024-06-13-at-1.53.20-PM-768x292.webp 768w, https:\/\/templehill.org\/wp-content\/uploads\/2024\/06\/Screen-Shot-2024-06-13-at-1.53.20-PM-18x7.webp 18w, https:\/\/templehill.org\/wp-content\/uploads\/2024\/06\/Screen-Shot-2024-06-13-at-1.53.20-PM.webp 1300w\" sizes=\"(max-width: 1024px) 100vw, 1024px\" \/><\/figure>\n\n\n\n<p class=\"wp-block-paragraph\">El Centro apoya la digitalizaci\u00f3n de autoservicio de recuerdos familiares de fotograf\u00edas antiguas, diapositivas, \u00e1lbumes de recortes, negativos, pel\u00edculas de 8 mm, videos VHS, escaneo de libros y casetes de audio.<\/p>\n\n\n\n<p class=\"wp-block-paragraph\">Todo el equipo de digitalizaci\u00f3n se puede reservar en el sitio web del Oakland FamilySearch Center.<\/p>\n\n\n\n<p class=\"wp-block-paragraph\">Se recomienda que traiga una unidad de memoria port\u00e1til (pulgar, flash o disco duro remoto) para almacenar sus nuevos archivos digitales. No se preocupe si tiene dificultades tecnol\u00f3gicas: \u00a1el personal de voluntarios del centro est\u00e1 listo para que su visita sea un \u00e9xito!<\/p>\n\n\n\n<p class=\"wp-block-paragraph\"><strong>Experiencias de descubrimiento de historia familiar<\/strong><\/p>\n\n\n\n<p class=\"wp-block-paragraph\">Individuos, familias, j\u00f3venes y grupos de intereses especiales disfrutar\u00e1n descubriendo juntos su historia familiar utilizando 8 estaciones de descubrimiento interactivas cargadas de experiencias divertidas. Estas estaciones de descubrimiento incluyen actividades como Todo sobre m\u00ed, Compara una cara, Imagina mi herencia, Mis parientes famosos y De d\u00f3nde vengo.<\/p>\n\n\n\n<figure class=\"wp-block-image size-large\"><img loading=\"lazy\" decoding=\"async\" width=\"1024\" height=\"393\" src=\"https:\/\/templehill.org\/wp-content\/uploads\/2024\/06\/Screen-Shot-2024-06-13-at-2.04.19-PM-1024x393.webp\" alt=\"\" class=\"wp-image-10317\" srcset=\"https:\/\/templehill.org\/wp-content\/uploads\/2024\/06\/Screen-Shot-2024-06-13-at-2.04.19-PM-1024x393.webp 1024w, https:\/\/templehill.org\/wp-content\/uploads\/2024\/06\/Screen-Shot-2024-06-13-at-2.04.19-PM-300x115.webp 300w, https:\/\/templehill.org\/wp-content\/uploads\/2024\/06\/Screen-Shot-2024-06-13-at-2.04.19-PM-768x295.webp 768w, https:\/\/templehill.org\/wp-content\/uploads\/2024\/06\/Screen-Shot-2024-06-13-at-2.04.19-PM-18x7.webp 18w, https:\/\/templehill.org\/wp-content\/uploads\/2024\/06\/Screen-Shot-2024-06-13-at-2.04.19-PM.webp 1350w\" sizes=\"(max-width: 1024px) 100vw, 1024px\" \/><\/figure>\n\n\n\n<p class=\"wp-block-paragraph\"><strong>\u00a1Planifica tu visita!<\/strong><\/p>\n\n\n\n<p class=\"wp-block-paragraph\">El Centro es de uso gratuito y acepta visitas sin cita previa. Para disfrutar de las mejores experiencias personalizadas, planifique con antelaci\u00f3n. Cree una cuenta gratuita en FamilySearch.org y agregue lo que sabe sobre su familia en el \u00c1rbol Familiar de FamilySearch. O venga con un poco de tiempo extra y los conceptos b\u00e1sicos de lo que ya sabe sobre sus antepasados, \u00a1y el personal lo ayudar\u00e1 a comenzar! Un grupo experimentado de voluntarios, estacionamiento gratuito y recursos incre\u00edbles esperan su visita. Estamos ubicados abajo del Centro de visitantes en Temple Hill. Tambi\u00e9n hay un ascensor disponible.<\/p>\n\n\n\n<p class=\"wp-block-paragraph\">4766 Lincoln Ave, Oakland, CA. Justo al lado de la autopista 13 en la rampa de salida de Lincoln Avenue. Tel\u00e9fono: 510-531-3905.<\/p>\n\n\n\n<p class=\"wp-block-paragraph\">Para obtener informaci\u00f3n de contacto, horarios del Centro e informaci\u00f3n sobre c\u00f3mo reservar equipos o traer grupos grandes, visite el sitio web del Centro:<\/p>\n\n\n\n<p class=\"wp-block-paragraph\"><a href=\"https:\/\/www.familysearch.org\/en\/wiki\/Oakland_California_FamilySearch_Center\">https:\/\/www.familysearch.org\/en\/wiki\/Oakland_California_FamilySearch_Center<\/a><\/p>\n\n\n\n<p class=\"wp-block-paragraph\">\u00a1Visite el Centro FamilySearch de Oakland hoy!<\/p>\n\n\n\n<figure class=\"wp-block-image size-full\"><img loading=\"lazy\" decoding=\"async\" width=\"784\" height=\"548\" src=\"https:\/\/templehill.org\/wp-content\/uploads\/2024\/06\/Screen-Shot-2024-06-13-at-1.59.29-PM.webp\" alt=\"\" class=\"wp-image-10318\" srcset=\"https:\/\/templehill.org\/wp-content\/uploads\/2024\/06\/Screen-Shot-2024-06-13-at-1.59.29-PM.webp 784w, https:\/\/templehill.org\/wp-content\/uploads\/2024\/06\/Screen-Shot-2024-06-13-at-1.59.29-PM-300x210.webp 300w, https:\/\/templehill.org\/wp-content\/uploads\/2024\/06\/Screen-Shot-2024-06-13-at-1.59.29-PM-768x537.webp 768w, https:\/\/templehill.org\/wp-content\/uploads\/2024\/06\/Screen-Shot-2024-06-13-at-1.59.29-PM-18x12.webp 18w\" sizes=\"(max-width: 784px) 100vw, 784px\" \/><\/figure>","protected":false},"excerpt":{"rendered":"<p>By Laurie Wolf Oakland FamilySearch Center The FamilySearch Center offers engaging free services that help visitors make fun personal and family discoveries, digitally preserve old records to then share their [&hellip;]<\/p>\n","protected":false},"author":13,"featured_media":7146,"comment_status":"open","ping_status":"open","sticky":false,"template":"","format":"standard","meta":{"_price":"","_stock":"","_tribe_ticket_header":"","_tribe_default_ticket_provider":"","_tribe_ticket_capacity":"0","_ticket_start_date":"","_ticket_end_date":"","_tribe_ticket_show_description":"","_tribe_ticket_show_not_going":false,"_tribe_ticket_use_global_stock":"","_tribe_ticket_global_stock_level":"","_global_stock_mode":"","_global_stock_cap":"","_tribe_rsvp_for_event":"","_tribe_ticket_going_count":"","_tribe_ticket_not_going_count":"","_tribe_tickets_list":"[]","_tribe_ticket_has_attendee_info_fields":false,"footnotes":""},"categories":[79,22,72,81],"tags":[],"class_list":["post-10314","post","type-post","status-publish","format-standard","has-post-thumbnail","hentry","category-bay-area","category-education","category-events","category-family-history","entry"],"yoast_head":"<!-- This site is optimized with the Yoast SEO plugin v28.4 - https:\/\/yoast.com\/product\/yoast-seo-wordpress\/ -->\n<title>Visit the Oakland FamilySearch Center today! - TempleHill.org<\/title>\n<meta name=\"robots\" content=\"index, follow, max-snippet:-1, max-image-preview:large, max-video-preview:-1\" \/>\n<link rel=\"canonical\" href=\"https:\/\/templehill.org\/es\/visit-the-oakland-familysearch-center-today\/\" \/>\n<meta property=\"og:locale\" content=\"es_MX\" \/>\n<meta property=\"og:type\" content=\"article\" \/>\n<meta property=\"og:title\" content=\"Visit the Oakland FamilySearch Center today! - TempleHill.org\" \/>\n<meta property=\"og:description\" content=\"By Laurie Wolf Oakland FamilySearch Center The FamilySearch Center offers engaging free services that help visitors make fun personal and family discoveries, digitally preserve old records to then share their [&hellip;]\" \/>\n<meta property=\"og:url\" content=\"https:\/\/templehill.org\/es\/visit-the-oakland-familysearch-center-today\/\" \/>\n<meta property=\"og:site_name\" content=\"TempleHill.org\" \/>\n<meta property=\"article:publisher\" content=\"https:\/\/www.facebook.com\/OaklandTempleHill\" \/>\n<meta property=\"article:published_time\" content=\"2024-06-13T21:07:16+00:00\" \/>\n<meta property=\"article:modified_time\" content=\"2025-09-27T23:07:37+00:00\" \/>\n<meta property=\"og:image\" content=\"https:\/\/templehill.org\/wp-content\/uploads\/2022\/09\/unnamed-1.png\" \/>\n\t<meta property=\"og:image:width\" content=\"640\" \/>\n\t<meta property=\"og:image:height\" content=\"480\" \/>\n\t<meta property=\"og:image:type\" content=\"image\/png\" \/>\n<meta name=\"author\" content=\"Marisa Montierth\" \/>\n<meta name=\"twitter:card\" content=\"summary_large_image\" \/>\n<meta name=\"twitter:label1\" content=\"Escrito por\" \/>\n\t<meta name=\"twitter:data1\" content=\"Marisa Montierth\" \/>\n\t<meta name=\"twitter:label2\" content=\"Tiempo de lectura\" \/>\n\t<meta name=\"twitter:data2\" content=\"3 minutos\" \/>\n<script type=\"application\/ld+json\" class=\"yoast-schema-graph\">{\"@context\":\"https:\\\/\\\/schema.org\",\"@graph\":[{\"@type\":\"Article\",\"@id\":\"https:\\\/\\\/templehill.org\\\/visit-the-oakland-familysearch-center-today\\\/#article\",\"isPartOf\":{\"@id\":\"https:\\\/\\\/templehill.org\\\/visit-the-oakland-familysearch-center-today\\\/\"},\"author\":{\"name\":\"Marisa Montierth\",\"@id\":\"https:\\\/\\\/templehill.org\\\/zh\\\/#\\\/schema\\\/person\\\/0c0fa294cc445f121adc178ce87b7f8b\"},\"headline\":\"Visit the Oakland FamilySearch Center today!\",\"datePublished\":\"2024-06-13T21:07:16+00:00\",\"dateModified\":\"2025-09-27T23:07:37+00:00\",\"mainEntityOfPage\":{\"@id\":\"https:\\\/\\\/templehill.org\\\/visit-the-oakland-familysearch-center-today\\\/\"},\"wordCount\":481,\"commentCount\":0,\"publisher\":{\"@id\":\"https:\\\/\\\/templehill.org\\\/zh\\\/#organization\"},\"image\":{\"@id\":\"https:\\\/\\\/templehill.org\\\/visit-the-oakland-familysearch-center-today\\\/#primaryimage\"},\"thumbnailUrl\":\"https:\\\/\\\/templehill.org\\\/wp-content\\\/uploads\\\/2022\\\/09\\\/unnamed-1.webp\",\"articleSection\":[\"Bay Area\",\"Education\",\"Events\",\"Family History\"],\"inLanguage\":\"es\",\"potentialAction\":[{\"@type\":\"CommentAction\",\"name\":\"Comment\",\"target\":[\"https:\\\/\\\/templehill.org\\\/visit-the-oakland-familysearch-center-today\\\/#respond\"]}]},{\"@type\":\"WebPage\",\"@id\":\"https:\\\/\\\/templehill.org\\\/visit-the-oakland-familysearch-center-today\\\/\",\"url\":\"https:\\\/\\\/templehill.org\\\/visit-the-oakland-familysearch-center-today\\\/\",\"name\":\"Visit the Oakland FamilySearch Center today! - TempleHill.org\",\"isPartOf\":{\"@id\":\"https:\\\/\\\/templehill.org\\\/zh\\\/#website\"},\"primaryImageOfPage\":{\"@id\":\"https:\\\/\\\/templehill.org\\\/visit-the-oakland-familysearch-center-today\\\/#primaryimage\"},\"image\":{\"@id\":\"https:\\\/\\\/templehill.org\\\/visit-the-oakland-familysearch-center-today\\\/#primaryimage\"},\"thumbnailUrl\":\"https:\\\/\\\/templehill.org\\\/wp-content\\\/uploads\\\/2022\\\/09\\\/unnamed-1.webp\",\"datePublished\":\"2024-06-13T21:07:16+00:00\",\"dateModified\":\"2025-09-27T23:07:37+00:00\",\"breadcrumb\":{\"@id\":\"https:\\\/\\\/templehill.org\\\/visit-the-oakland-familysearch-center-today\\\/#breadcrumb\"},\"inLanguage\":\"es\",\"potentialAction\":[{\"@type\":\"ReadAction\",\"target\":[\"https:\\\/\\\/templehill.org\\\/visit-the-oakland-familysearch-center-today\\\/\"]}]},{\"@type\":\"ImageObject\",\"inLanguage\":\"es\",\"@id\":\"https:\\\/\\\/templehill.org\\\/visit-the-oakland-familysearch-center-today\\\/#primaryimage\",\"url\":\"https:\\\/\\\/templehill.org\\\/wp-content\\\/uploads\\\/2022\\\/09\\\/unnamed-1.webp\",\"contentUrl\":\"https:\\\/\\\/templehill.org\\\/wp-content\\\/uploads\\\/2022\\\/09\\\/unnamed-1.webp\",\"width\":640,\"height\":480},{\"@type\":\"BreadcrumbList\",\"@id\":\"https:\\\/\\\/templehill.org\\\/visit-the-oakland-familysearch-center-today\\\/#breadcrumb\",\"itemListElement\":[{\"@type\":\"ListItem\",\"position\":1,\"name\":\"Home\",\"item\":\"https:\\\/\\\/templehill.org\\\/\"},{\"@type\":\"ListItem\",\"position\":2,\"name\":\"Visit the Oakland FamilySearch Center today!\"}]},{\"@type\":\"WebSite\",\"@id\":\"https:\\\/\\\/templehill.org\\\/zh\\\/#website\",\"url\":\"https:\\\/\\\/templehill.org\\\/zh\\\/\",\"name\":\"TempleHill.org\",\"description\":\"Feel Welcome. Feel the Spirit. Feel Inspired.\",\"publisher\":{\"@id\":\"https:\\\/\\\/templehill.org\\\/zh\\\/#organization\"},\"potentialAction\":[{\"@type\":\"SearchAction\",\"target\":{\"@type\":\"EntryPoint\",\"urlTemplate\":\"https:\\\/\\\/templehill.org\\\/zh\\\/?s={search_term_string}\"},\"query-input\":{\"@type\":\"PropertyValueSpecification\",\"valueRequired\":true,\"valueName\":\"search_term_string\"}}],\"inLanguage\":\"es\"},{\"@type\":\"Organization\",\"@id\":\"https:\\\/\\\/templehill.org\\\/zh\\\/#organization\",\"name\":\"TempleHill.org\",\"url\":\"https:\\\/\\\/templehill.org\\\/zh\\\/\",\"logo\":{\"@type\":\"ImageObject\",\"inLanguage\":\"es\",\"@id\":\"https:\\\/\\\/templehill.org\\\/zh\\\/#\\\/schema\\\/logo\\\/image\\\/\",\"url\":\"https:\\\/\\\/templehill.org\\\/wp-content\\\/uploads\\\/2020\\\/06\\\/Temple-Hill-Oakland_logo_Stacked.png\",\"contentUrl\":\"https:\\\/\\\/templehill.org\\\/wp-content\\\/uploads\\\/2020\\\/06\\\/Temple-Hill-Oakland_logo_Stacked.png\",\"width\":1291,\"height\":533,\"caption\":\"TempleHill.org\"},\"image\":{\"@id\":\"https:\\\/\\\/templehill.org\\\/zh\\\/#\\\/schema\\\/logo\\\/image\\\/\"},\"sameAs\":[\"https:\\\/\\\/www.facebook.com\\\/OaklandTempleHill\",\"https:\\\/\\\/www.instagram.com\\\/oaklandtemplehill\\\/\"]},{\"@type\":\"Person\",\"@id\":\"https:\\\/\\\/templehill.org\\\/zh\\\/#\\\/schema\\\/person\\\/0c0fa294cc445f121adc178ce87b7f8b\",\"name\":\"Marisa Montierth\",\"image\":{\"@type\":\"ImageObject\",\"inLanguage\":\"es\",\"@id\":\"https:\\\/\\\/secure.gravatar.com\\\/avatar\\\/5b3431e36a23cbb3961f96809408e4eb482ff99533291a5d0c963879b77d2b8a?s=96&d=mm&r=g\",\"url\":\"https:\\\/\\\/secure.gravatar.com\\\/avatar\\\/5b3431e36a23cbb3961f96809408e4eb482ff99533291a5d0c963879b77d2b8a?s=96&d=mm&r=g\",\"contentUrl\":\"https:\\\/\\\/secure.gravatar.com\\\/avatar\\\/5b3431e36a23cbb3961f96809408e4eb482ff99533291a5d0c963879b77d2b8a?s=96&d=mm&r=g\",\"caption\":\"Marisa Montierth\"},\"url\":\"http:\\\/\\\/templehill.org\\\/es\\\/author\\\/marisa\\\/\"}]}<\/script>\n<!-- \/ Yoast SEO plugin. -->","yoast_head_json":{"title":"\u00a1Visite hoy el Centro FamilySearch de Oakland! - TempleHill.org","robots":{"index":"index","follow":"follow","max-snippet":"max-snippet:-1","max-image-preview":"max-image-preview:large","max-video-preview":"max-video-preview:-1"},"canonical":"https:\/\/templehill.org\/es\/visit-the-oakland-familysearch-center-today\/","og_locale":"es_MX","og_type":"article","og_title":"Visit the Oakland FamilySearch Center today! - TempleHill.org","og_description":"By Laurie Wolf Oakland FamilySearch Center The FamilySearch Center offers engaging free services that help visitors make fun personal and family discoveries, digitally preserve old records to then share their [&hellip;]","og_url":"https:\/\/templehill.org\/es\/visit-the-oakland-familysearch-center-today\/","og_site_name":"TempleHill.org","article_publisher":"https:\/\/www.facebook.com\/OaklandTempleHill","article_published_time":"2024-06-13T21:07:16+00:00","article_modified_time":"2025-09-27T23:07:37+00:00","og_image":[{"width":640,"height":480,"url":"https:\/\/templehill.org\/wp-content\/uploads\/2022\/09\/unnamed-1.png","type":"image\/png"}],"author":"Marisa Montierth","twitter_card":"summary_large_image","twitter_misc":{"Escrito por":"Marisa Montierth","Tiempo de lectura":"3 minutos"},"schema":{"@context":"https:\/\/schema.org","@graph":[{"@type":"Article","@id":"https:\/\/templehill.org\/visit-the-oakland-familysearch-center-today\/#article","isPartOf":{"@id":"https:\/\/templehill.org\/visit-the-oakland-familysearch-center-today\/"},"author":{"name":"Marisa Montierth","@id":"https:\/\/templehill.org\/zh\/#\/schema\/person\/0c0fa294cc445f121adc178ce87b7f8b"},"headline":"Visit the Oakland FamilySearch Center today!","datePublished":"2024-06-13T21:07:16+00:00","dateModified":"2025-09-27T23:07:37+00:00","mainEntityOfPage":{"@id":"https:\/\/templehill.org\/visit-the-oakland-familysearch-center-today\/"},"wordCount":481,"commentCount":0,"publisher":{"@id":"https:\/\/templehill.org\/zh\/#organization"},"image":{"@id":"https:\/\/templehill.org\/visit-the-oakland-familysearch-center-today\/#primaryimage"},"thumbnailUrl":"https:\/\/templehill.org\/wp-content\/uploads\/2022\/09\/unnamed-1.webp","articleSection":["Bay Area","Education","Events","Family History"],"inLanguage":"es","potentialAction":[{"@type":"CommentAction","name":"Comment","target":["https:\/\/templehill.org\/visit-the-oakland-familysearch-center-today\/#respond"]}]},{"@type":"WebPage","@id":"https:\/\/templehill.org\/visit-the-oakland-familysearch-center-today\/","url":"https:\/\/templehill.org\/visit-the-oakland-familysearch-center-today\/","name":"Visit the Oakland FamilySearch Center today! - TempleHill.org","isPartOf":{"@id":"https:\/\/templehill.org\/zh\/#website"},"primaryImageOfPage":{"@id":"https:\/\/templehill.org\/visit-the-oakland-familysearch-center-today\/#primaryimage"},"image":{"@id":"https:\/\/templehill.org\/visit-the-oakland-familysearch-center-today\/#primaryimage"},"thumbnailUrl":"https:\/\/templehill.org\/wp-content\/uploads\/2022\/09\/unnamed-1.webp","datePublished":"2024-06-13T21:07:16+00:00","dateModified":"2025-09-27T23:07:37+00:00","breadcrumb":{"@id":"https:\/\/templehill.org\/visit-the-oakland-familysearch-center-today\/#breadcrumb"},"inLanguage":"es","potentialAction":[{"@type":"ReadAction","target":["https:\/\/templehill.org\/visit-the-oakland-familysearch-center-today\/"]}]},{"@type":"ImageObject","inLanguage":"es","@id":"https:\/\/templehill.org\/visit-the-oakland-familysearch-center-today\/#primaryimage","url":"https:\/\/templehill.org\/wp-content\/uploads\/2022\/09\/unnamed-1.webp","contentUrl":"https:\/\/templehill.org\/wp-content\/uploads\/2022\/09\/unnamed-1.webp","width":640,"height":480},{"@type":"BreadcrumbList","@id":"https:\/\/templehill.org\/visit-the-oakland-familysearch-center-today\/#breadcrumb","itemListElement":[{"@type":"ListItem","position":1,"name":"Home","item":"https:\/\/templehill.org\/"},{"@type":"ListItem","position":2,"name":"Visit the Oakland FamilySearch Center today!"}]},{"@type":"WebSite","@id":"https:\/\/templehill.org\/zh\/#website","url":"https:\/\/templehill.org\/zh\/","name":"TempleHill.org","description":"Feel Welcome. Feel the Spirit. Feel Inspired.","publisher":{"@id":"https:\/\/templehill.org\/zh\/#organization"},"potentialAction":[{"@type":"SearchAction","target":{"@type":"EntryPoint","urlTemplate":"https:\/\/templehill.org\/zh\/?s={search_term_string}"},"query-input":{"@type":"PropertyValueSpecification","valueRequired":true,"valueName":"search_term_string"}}],"inLanguage":"es"},{"@type":"Organization","@id":"https:\/\/templehill.org\/zh\/#organization","name":"TempleHill.org","url":"https:\/\/templehill.org\/zh\/","logo":{"@type":"ImageObject","inLanguage":"es","@id":"https:\/\/templehill.org\/zh\/#\/schema\/logo\/image\/","url":"https:\/\/templehill.org\/wp-content\/uploads\/2020\/06\/Temple-Hill-Oakland_logo_Stacked.png","contentUrl":"https:\/\/templehill.org\/wp-content\/uploads\/2020\/06\/Temple-Hill-Oakland_logo_Stacked.png","width":1291,"height":533,"caption":"TempleHill.org"},"image":{"@id":"https:\/\/templehill.org\/zh\/#\/schema\/logo\/image\/"},"sameAs":["https:\/\/www.facebook.com\/OaklandTempleHill","https:\/\/www.instagram.com\/oaklandtemplehill\/"]},{"@type":"Person","@id":"https:\/\/templehill.org\/zh\/#\/schema\/person\/0c0fa294cc445f121adc178ce87b7f8b","name":"Marisa Montierth","image":{"@type":"ImageObject","inLanguage":"es","@id":"https:\/\/secure.gravatar.com\/avatar\/5b3431e36a23cbb3961f96809408e4eb482ff99533291a5d0c963879b77d2b8a?s=96&d=mm&r=g","url":"https:\/\/secure.gravatar.com\/avatar\/5b3431e36a23cbb3961f96809408e4eb482ff99533291a5d0c963879b77d2b8a?s=96&d=mm&r=g","contentUrl":"https:\/\/secure.gravatar.com\/avatar\/5b3431e36a23cbb3961f96809408e4eb482ff99533291a5d0c963879b77d2b8a?s=96&d=mm&r=g","caption":"Marisa Montierth"},"url":"http:\/\/templehill.org\/es\/author\/marisa\/"}]}},"_links":{"self":[{"href":"http:\/\/templehill.org\/es\/wp-json\/wp\/v2\/posts\/10314","targetHints":{"allow":["GET"]}}],"collection":[{"href":"http:\/\/templehill.org\/es\/wp-json\/wp\/v2\/posts"}],"about":[{"href":"http:\/\/templehill.org\/es\/wp-json\/wp\/v2\/types\/post"}],"author":[{"embeddable":true,"href":"http:\/\/templehill.org\/es\/wp-json\/wp\/v2\/users\/13"}],"replies":[{"embeddable":true,"href":"http:\/\/templehill.org\/es\/wp-json\/wp\/v2\/comments?post=10314"}],"version-history":[{"count":0,"href":"http:\/\/templehill.org\/es\/wp-json\/wp\/v2\/posts\/10314\/revisions"}],"wp:featuredmedia":[{"embeddable":true,"href":"http:\/\/templehill.org\/es\/wp-json\/wp\/v2\/media\/7146"}],"wp:attachment":[{"href":"http:\/\/templehill.org\/es\/wp-json\/wp\/v2\/media?parent=10314"}],"wp:term":[{"taxonomy":"category","embeddable":true,"href":"http:\/\/templehill.org\/es\/wp-json\/wp\/v2\/categories?post=10314"},{"taxonomy":"post_tag","embeddable":true,"href":"http:\/\/templehill.org\/es\/wp-json\/wp\/v2\/tags?post=10314"}],"curies":[{"name":"wp","href":"https:\/\/api.w.org\/{rel}","templated":true}]}},{"id":9492,"date":"2023-12-05T12:04:41","date_gmt":"2023-12-05T20:04:41","guid":{"rendered":"https:\/\/templehillstg.wpenginepowered.com\/?p=9492"},"modified":"2023-12-05T12:06:19","modified_gmt":"2023-12-05T20:06:19","slug":"4-temples-among-top-20-peaceful-u-s-tourist-spots-according-to-national-survey","status":"publish","type":"post","link":"http:\/\/templehill.org\/es\/4-temples-among-top-20-peaceful-u-s-tourist-spots-according-to-national-survey\/","title":{"rendered":"4 templos entre los 20 principales lugares tur\u00edsticos &quot;pac\u00edficos&quot; de EE. UU., seg\u00fan una encuesta nacional"},"content":{"rendered":"<p class=\"wp-block-paragraph\"><em><span style=\"text-decoration: underline;\">Por\u00a0<a href=\"https:\/\/www.thechurchnews.com\/authors\/scott-taylor\">Scott Taylor<\/a>\u00a0<\/span><\/em><\/p>\n\n\n\n<p class=\"wp-block-paragraph\">Cuatro templos de La Iglesia de Jesucristo de los Santos de los \u00daltimos D\u00edas se encuentran entre los 20 lugares tur\u00edsticos m\u00e1s tranquilos de Estados Unidos, seg\u00fan una encuesta nacional reciente.<\/p>\n\n\n\n<figure class=\"wp-block-image size-large\"><img decoding=\"async\" src=\"https:\/\/templehill.org\/wp-content\/uploads\/2023\/12\/90-697x1024.jpeg\" alt=\"\" class=\"wp-image-9493\"\/><figcaption class=\"wp-element-caption\"><span style=\"color: rgb(150, 150, 150); font-family: Arial, sans-serif; font-size: medium; white-space: normal;\">Con el Templo de Oakland, California, como tel\u00f3n de fondo, los fot\u00f3grafos toman fotos de quincea\u00f1era en el terreno el viernes 14 de junio de 2019.<\/span><span style=\"color: rgb(150, 150, 150); font-family: Arial, sans-serif; font-size: medium; white-space: normal;\">\u00a0<\/span><i style=\"color: rgb(150, 150, 150); font-family: Arial, sans-serif; white-space: normal;\">Archivos de Deseret News<\/i><\/figcaption><\/figure>\n\n\n\n<p class=\"wp-block-paragraph\">Como se cita en la encuesta, los cuatro son los\u00a0<a href=\"https:\/\/www.thechurchnews.com\/almanac\/temples\/idaho-falls-idaho\" target=\"_blank\" rel=\"noreferrer noopener\">Templo de Idaho Falls, Idaho<\/a>, el\u00a0<a href=\"https:\/\/www.thechurchnews.com\/almanac\/temples\/oakland-california\" target=\"_blank\" rel=\"noreferrer noopener\">Templo de Oakland, California,<\/a>\u00a0la\u00a0<a href=\"https:\/\/www.thechurchnews.com\/almanac\/temples\/st-george-utah\" target=\"_blank\" rel=\"noreferrer noopener\">Templo de San Jorge, Utah\u00a0<\/a>y el\u00a0<a href=\"https:\/\/www.thechurchnews.com\/almanac\/temples\/mesa-arizona\" target=\"_blank\" rel=\"noreferrer noopener\">Templo de Mesa, Arizona<\/a>. Los cuatro tienen centros de visitantes en los terrenos del templo, y dos de ellos (los de Idaho Falls y Mesa) se mencionan espec\u00edficamente en las listas junto con los respectivos templos.\u00a0<\/p>\n\n\n\n<p class=\"wp-block-paragraph\">Para los Santos de los \u00daltimos D\u00edas activos, los templos de la Iglesia en todo el mundo se consideran lugares pac\u00edficos y sagrados donde se realizan las ordenanzas del templo para los miembros vivos de la Iglesia y sus antepasados fallecidos, y se hacen convenios. Los terrenos del templo y los centros de visitantes, todos abiertos al p\u00fablico, ayudan a transmitir esa paz del evangelio restaurado de Jesucristo a los visitantes.<\/p>\n\n\n\n<p class=\"wp-block-paragraph\"><a href=\"https:\/\/casago.com\/blog\/the-most-peaceful-tourist-attractions-in-every-u-s-state\/\" target=\"_blank\" rel=\"noreferrer noopener\">La encuesta nacional<\/a>\u2014encargado por Casago, empresa de gesti\u00f3n de propiedades de alquiler vacacional que atiende a propietarios e invitados en M\u00e9xico y Estados Unidos\u2014 seleccion\u00f3 los 20 destinos tur\u00edsticos m\u00e1s tranquilos de EE. UU., as\u00ed como los lugares m\u00e1s tranquilos de cada uno de los 50 estados y 20 ciudades principales. Tambi\u00e9n identific\u00f3 los 10 lugares m\u00e1s tranquilos de la ciudad de Nueva York.<\/p>\n\n\n\n<p class=\"wp-block-paragraph\">El templo y centro de visitantes de Idaho Falls termin\u00f3 en el puesto n\u00famero 3 en el ranking de EE. UU., con el templo de Oakland, el templo de St. George y el templo y centro de visitantes de Mesa en los segundos 10 lugares de la lista de los 20 mejores.<\/p>\n\n\n\n<p class=\"wp-block-paragraph\">Para la encuesta, Casago revis\u00f3 la secci\u00f3n &quot;Cosas que hacer&quot; de TripAdvisor, que incluye lugares y atracciones tur\u00edsticas de los 50 estados y 20 ciudades de EE. UU., buscando ejemplos de menciones de &quot;tranquilo&quot; en las rese\u00f1as. A continuaci\u00f3n, clasific\u00f3 las atracciones \u2014por estado y ciudad, as\u00ed como listados separados para las 20 mejores del pa\u00eds y las 10 mejores de la ciudad de Nueva York\u2014 seg\u00fan las menciones de &quot;tranquilo&quot; por cada 1000 rese\u00f1as en ingl\u00e9s.<\/p>\n\n\n\n<p class=\"wp-block-paragraph\"><em>Leer m\u00e1s en <a href=\"https:\/\/www.thechurchnews.com\/temples\/2023\/11\/12\/23952035\/four-temples-among-top-20-peaceful-u-s-tourist-spots-according-to-national-survey\" data-type=\"link\" data-id=\"https:\/\/www.thechurchnews.com\/temples\/2023\/11\/12\/23952035\/four-temples-among-top-20-peaceful-u-s-tourist-spots-according-to-national-survey\">thechurchnews.com<\/a>.<\/em><\/p>","protected":false},"excerpt":{"rendered":"<p>By\u00a0Scott Taylor\u00a0 Four temples of The Church of Jesus Christ of Latter-day Saints are among the United States\u2019 20 most peaceful tourist locations, according to a recent national survey. As [&hellip;]<\/p>\n","protected":false},"author":13,"featured_media":8066,"comment_status":"open","ping_status":"open","sticky":false,"template":"","format":"standard","meta":{"_price":"","_stock":"","_tribe_ticket_header":"","_tribe_default_ticket_provider":"","_tribe_ticket_capacity":"0","_ticket_start_date":"","_ticket_end_date":"","_tribe_ticket_show_description":"","_tribe_ticket_show_not_going":false,"_tribe_ticket_use_global_stock":"","_tribe_ticket_global_stock_level":"","_global_stock_mode":"","_global_stock_cap":"","_tribe_rsvp_for_event":"","_tribe_ticket_going_count":"","_tribe_ticket_not_going_count":"","_tribe_tickets_list":"[]","_tribe_ticket_has_attendee_info_fields":false,"footnotes":""},"categories":[79,21,80],"tags":[],"class_list":["post-9492","post","type-post","status-publish","format-standard","has-post-thumbnail","hentry","category-bay-area","category-news","category-oakland-temple","entry"],"yoast_head":"<!-- This site is optimized with the Yoast SEO plugin v28.4 - https:\/\/yoast.com\/product\/yoast-seo-wordpress\/ -->\n<title>4 temples among top 20 \u2018peaceful\u2019 U.S. tourist spots, according to national survey - TempleHill.org<\/title>\n<meta name=\"robots\" content=\"index, follow, max-snippet:-1, max-image-preview:large, max-video-preview:-1\" \/>\n<link rel=\"canonical\" href=\"https:\/\/templehill.org\/es\/4-temples-among-top-20-peaceful-u-s-tourist-spots-according-to-national-survey\/\" \/>\n<meta property=\"og:locale\" content=\"es_MX\" \/>\n<meta property=\"og:type\" content=\"article\" \/>\n<meta property=\"og:title\" content=\"4 temples among top 20 \u2018peaceful\u2019 U.S. tourist spots, according to national survey - TempleHill.org\" \/>\n<meta property=\"og:description\" content=\"By\u00a0Scott Taylor\u00a0 Four temples of The Church of Jesus Christ of Latter-day Saints are among the United States\u2019 20 most peaceful tourist locations, according to a recent national survey. As [&hellip;]\" \/>\n<meta property=\"og:url\" content=\"https:\/\/templehill.org\/es\/4-temples-among-top-20-peaceful-u-s-tourist-spots-according-to-national-survey\/\" \/>\n<meta property=\"og:site_name\" content=\"TempleHill.org\" \/>\n<meta property=\"article:publisher\" content=\"https:\/\/www.facebook.com\/OaklandTempleHill\" \/>\n<meta property=\"article:published_time\" content=\"2023-12-05T20:04:41+00:00\" \/>\n<meta property=\"article:modified_time\" content=\"2023-12-05T20:06:19+00:00\" \/>\n<meta property=\"og:image\" content=\"https:\/\/templehill.org\/wp-content\/uploads\/2023\/03\/image1.jpeg\" \/>\n\t<meta property=\"og:image:width\" content=\"2016\" \/>\n\t<meta property=\"og:image:height\" content=\"1512\" \/>\n\t<meta property=\"og:image:type\" content=\"image\/jpeg\" \/>\n<meta name=\"author\" content=\"Marisa Montierth\" \/>\n<meta name=\"twitter:card\" content=\"summary_large_image\" \/>\n<meta name=\"twitter:label1\" content=\"Escrito por\" \/>\n\t<meta name=\"twitter:data1\" content=\"Marisa Montierth\" \/>\n\t<meta name=\"twitter:label2\" content=\"Tiempo de lectura\" \/>\n\t<meta name=\"twitter:data2\" content=\"2 minutos\" \/>\n<script type=\"application\/ld+json\" class=\"yoast-schema-graph\">{\"@context\":\"https:\\\/\\\/schema.org\",\"@graph\":[{\"@type\":\"Article\",\"@id\":\"https:\\\/\\\/templehill.org\\\/4-temples-among-top-20-peaceful-u-s-tourist-spots-according-to-national-survey\\\/#article\",\"isPartOf\":{\"@id\":\"https:\\\/\\\/templehill.org\\\/4-temples-among-top-20-peaceful-u-s-tourist-spots-according-to-national-survey\\\/\"},\"author\":{\"name\":\"Marisa Montierth\",\"@id\":\"https:\\\/\\\/templehill.org\\\/zh\\\/#\\\/schema\\\/person\\\/0c0fa294cc445f121adc178ce87b7f8b\"},\"headline\":\"4 temples among top 20 \u2018peaceful\u2019 U.S. tourist spots, according to national survey\",\"datePublished\":\"2023-12-05T20:04:41+00:00\",\"dateModified\":\"2023-12-05T20:06:19+00:00\",\"mainEntityOfPage\":{\"@id\":\"https:\\\/\\\/templehill.org\\\/4-temples-among-top-20-peaceful-u-s-tourist-spots-according-to-national-survey\\\/\"},\"wordCount\":343,\"commentCount\":0,\"publisher\":{\"@id\":\"https:\\\/\\\/templehill.org\\\/zh\\\/#organization\"},\"image\":{\"@id\":\"https:\\\/\\\/templehill.org\\\/4-temples-among-top-20-peaceful-u-s-tourist-spots-according-to-national-survey\\\/#primaryimage\"},\"thumbnailUrl\":\"https:\\\/\\\/templehill.org\\\/wp-content\\\/uploads\\\/2023\\\/03\\\/image1.webp\",\"articleSection\":[\"Bay Area\",\"News\",\"Oakland Temple\"],\"inLanguage\":\"es\",\"potentialAction\":[{\"@type\":\"CommentAction\",\"name\":\"Comment\",\"target\":[\"https:\\\/\\\/templehill.org\\\/4-temples-among-top-20-peaceful-u-s-tourist-spots-according-to-national-survey\\\/#respond\"]}]},{\"@type\":\"WebPage\",\"@id\":\"https:\\\/\\\/templehill.org\\\/4-temples-among-top-20-peaceful-u-s-tourist-spots-according-to-national-survey\\\/\",\"url\":\"https:\\\/\\\/templehill.org\\\/4-temples-among-top-20-peaceful-u-s-tourist-spots-according-to-national-survey\\\/\",\"name\":\"4 temples among top 20 \u2018peaceful\u2019 U.S. tourist spots, according to national survey - TempleHill.org\",\"isPartOf\":{\"@id\":\"https:\\\/\\\/templehill.org\\\/zh\\\/#website\"},\"primaryImageOfPage\":{\"@id\":\"https:\\\/\\\/templehill.org\\\/4-temples-among-top-20-peaceful-u-s-tourist-spots-according-to-national-survey\\\/#primaryimage\"},\"image\":{\"@id\":\"https:\\\/\\\/templehill.org\\\/4-temples-among-top-20-peaceful-u-s-tourist-spots-according-to-national-survey\\\/#primaryimage\"},\"thumbnailUrl\":\"https:\\\/\\\/templehill.org\\\/wp-content\\\/uploads\\\/2023\\\/03\\\/image1.webp\",\"datePublished\":\"2023-12-05T20:04:41+00:00\",\"dateModified\":\"2023-12-05T20:06:19+00:00\",\"breadcrumb\":{\"@id\":\"https:\\\/\\\/templehill.org\\\/4-temples-among-top-20-peaceful-u-s-tourist-spots-according-to-national-survey\\\/#breadcrumb\"},\"inLanguage\":\"es\",\"potentialAction\":[{\"@type\":\"ReadAction\",\"target\":[\"https:\\\/\\\/templehill.org\\\/4-temples-among-top-20-peaceful-u-s-tourist-spots-according-to-national-survey\\\/\"]}]},{\"@type\":\"ImageObject\",\"inLanguage\":\"es\",\"@id\":\"https:\\\/\\\/templehill.org\\\/4-temples-among-top-20-peaceful-u-s-tourist-spots-according-to-national-survey\\\/#primaryimage\",\"url\":\"https:\\\/\\\/templehill.org\\\/wp-content\\\/uploads\\\/2023\\\/03\\\/image1.webp\",\"contentUrl\":\"https:\\\/\\\/templehill.org\\\/wp-content\\\/uploads\\\/2023\\\/03\\\/image1.webp\",\"width\":1920,\"height\":1440},{\"@type\":\"BreadcrumbList\",\"@id\":\"https:\\\/\\\/templehill.org\\\/4-temples-among-top-20-peaceful-u-s-tourist-spots-according-to-national-survey\\\/#breadcrumb\",\"itemListElement\":[{\"@type\":\"ListItem\",\"position\":1,\"name\":\"Home\",\"item\":\"https:\\\/\\\/templehill.org\\\/\"},{\"@type\":\"ListItem\",\"position\":2,\"name\":\"4 temples among top 20 \u2018peaceful\u2019 U.S. tourist spots, according to national survey\"}]},{\"@type\":\"WebSite\",\"@id\":\"https:\\\/\\\/templehill.org\\\/zh\\\/#website\",\"url\":\"https:\\\/\\\/templehill.org\\\/zh\\\/\",\"name\":\"TempleHill.org\",\"description\":\"Feel Welcome. Feel the Spirit. Feel Inspired.\",\"publisher\":{\"@id\":\"https:\\\/\\\/templehill.org\\\/zh\\\/#organization\"},\"potentialAction\":[{\"@type\":\"SearchAction\",\"target\":{\"@type\":\"EntryPoint\",\"urlTemplate\":\"https:\\\/\\\/templehill.org\\\/zh\\\/?s={search_term_string}\"},\"query-input\":{\"@type\":\"PropertyValueSpecification\",\"valueRequired\":true,\"valueName\":\"search_term_string\"}}],\"inLanguage\":\"es\"},{\"@type\":\"Organization\",\"@id\":\"https:\\\/\\\/templehill.org\\\/zh\\\/#organization\",\"name\":\"TempleHill.org\",\"url\":\"https:\\\/\\\/templehill.org\\\/zh\\\/\",\"logo\":{\"@type\":\"ImageObject\",\"inLanguage\":\"es\",\"@id\":\"https:\\\/\\\/templehill.org\\\/zh\\\/#\\\/schema\\\/logo\\\/image\\\/\",\"url\":\"https:\\\/\\\/templehill.org\\\/wp-content\\\/uploads\\\/2020\\\/06\\\/Temple-Hill-Oakland_logo_Stacked.png\",\"contentUrl\":\"https:\\\/\\\/templehill.org\\\/wp-content\\\/uploads\\\/2020\\\/06\\\/Temple-Hill-Oakland_logo_Stacked.png\",\"width\":1291,\"height\":533,\"caption\":\"TempleHill.org\"},\"image\":{\"@id\":\"https:\\\/\\\/templehill.org\\\/zh\\\/#\\\/schema\\\/logo\\\/image\\\/\"},\"sameAs\":[\"https:\\\/\\\/www.facebook.com\\\/OaklandTempleHill\",\"https:\\\/\\\/www.instagram.com\\\/oaklandtemplehill\\\/\"]},{\"@type\":\"Person\",\"@id\":\"https:\\\/\\\/templehill.org\\\/zh\\\/#\\\/schema\\\/person\\\/0c0fa294cc445f121adc178ce87b7f8b\",\"name\":\"Marisa Montierth\",\"image\":{\"@type\":\"ImageObject\",\"inLanguage\":\"es\",\"@id\":\"https:\\\/\\\/secure.gravatar.com\\\/avatar\\\/5b3431e36a23cbb3961f96809408e4eb482ff99533291a5d0c963879b77d2b8a?s=96&d=mm&r=g\",\"url\":\"https:\\\/\\\/secure.gravatar.com\\\/avatar\\\/5b3431e36a23cbb3961f96809408e4eb482ff99533291a5d0c963879b77d2b8a?s=96&d=mm&r=g\",\"contentUrl\":\"https:\\\/\\\/secure.gravatar.com\\\/avatar\\\/5b3431e36a23cbb3961f96809408e4eb482ff99533291a5d0c963879b77d2b8a?s=96&d=mm&r=g\",\"caption\":\"Marisa Montierth\"},\"url\":\"http:\\\/\\\/templehill.org\\\/es\\\/author\\\/marisa\\\/\"}]}<\/script>\n<!-- \/ Yoast SEO plugin. -->","yoast_head_json":{"title":"Cuatro templos entre los 20 destinos tur\u00edsticos m\u00e1s &quot;pac\u00edficos&quot; de EE. UU., seg\u00fan una encuesta nacional - TempleHill.org","robots":{"index":"index","follow":"follow","max-snippet":"max-snippet:-1","max-image-preview":"max-image-preview:large","max-video-preview":"max-video-preview:-1"},"canonical":"https:\/\/templehill.org\/es\/4-temples-among-top-20-peaceful-u-s-tourist-spots-according-to-national-survey\/","og_locale":"es_MX","og_type":"article","og_title":"4 temples among top 20 \u2018peaceful\u2019 U.S. tourist spots, according to national survey - TempleHill.org","og_description":"By\u00a0Scott Taylor\u00a0 Four temples of The Church of Jesus Christ of Latter-day Saints are among the United States\u2019 20 most peaceful tourist locations, according to a recent national survey. As [&hellip;]","og_url":"https:\/\/templehill.org\/es\/4-temples-among-top-20-peaceful-u-s-tourist-spots-according-to-national-survey\/","og_site_name":"TempleHill.org","article_publisher":"https:\/\/www.facebook.com\/OaklandTempleHill","article_published_time":"2023-12-05T20:04:41+00:00","article_modified_time":"2023-12-05T20:06:19+00:00","og_image":[{"width":2016,"height":1512,"url":"https:\/\/templehill.org\/wp-content\/uploads\/2023\/03\/image1.jpeg","type":"image\/jpeg"}],"author":"Marisa Montierth","twitter_card":"summary_large_image","twitter_misc":{"Escrito por":"Marisa Montierth","Tiempo de lectura":"2 minutos"},"schema":{"@context":"https:\/\/schema.org","@graph":[{"@type":"Article","@id":"https:\/\/templehill.org\/4-temples-among-top-20-peaceful-u-s-tourist-spots-according-to-national-survey\/#article","isPartOf":{"@id":"https:\/\/templehill.org\/4-temples-among-top-20-peaceful-u-s-tourist-spots-according-to-national-survey\/"},"author":{"name":"Marisa Montierth","@id":"https:\/\/templehill.org\/zh\/#\/schema\/person\/0c0fa294cc445f121adc178ce87b7f8b"},"headline":"4 temples among top 20 \u2018peaceful\u2019 U.S. tourist spots, according to national survey","datePublished":"2023-12-05T20:04:41+00:00","dateModified":"2023-12-05T20:06:19+00:00","mainEntityOfPage":{"@id":"https:\/\/templehill.org\/4-temples-among-top-20-peaceful-u-s-tourist-spots-according-to-national-survey\/"},"wordCount":343,"commentCount":0,"publisher":{"@id":"https:\/\/templehill.org\/zh\/#organization"},"image":{"@id":"https:\/\/templehill.org\/4-temples-among-top-20-peaceful-u-s-tourist-spots-according-to-national-survey\/#primaryimage"},"thumbnailUrl":"https:\/\/templehill.org\/wp-content\/uploads\/2023\/03\/image1.webp","articleSection":["Bay Area","News","Oakland Temple"],"inLanguage":"es","potentialAction":[{"@type":"CommentAction","name":"Comment","target":["https:\/\/templehill.org\/4-temples-among-top-20-peaceful-u-s-tourist-spots-according-to-national-survey\/#respond"]}]},{"@type":"WebPage","@id":"https:\/\/templehill.org\/4-temples-among-top-20-peaceful-u-s-tourist-spots-according-to-national-survey\/","url":"https:\/\/templehill.org\/4-temples-among-top-20-peaceful-u-s-tourist-spots-according-to-national-survey\/","name":"4 temples among top 20 \u2018peaceful\u2019 U.S. tourist spots, according to national survey - TempleHill.org","isPartOf":{"@id":"https:\/\/templehill.org\/zh\/#website"},"primaryImageOfPage":{"@id":"https:\/\/templehill.org\/4-temples-among-top-20-peaceful-u-s-tourist-spots-according-to-national-survey\/#primaryimage"},"image":{"@id":"https:\/\/templehill.org\/4-temples-among-top-20-peaceful-u-s-tourist-spots-according-to-national-survey\/#primaryimage"},"thumbnailUrl":"https:\/\/templehill.org\/wp-content\/uploads\/2023\/03\/image1.webp","datePublished":"2023-12-05T20:04:41+00:00","dateModified":"2023-12-05T20:06:19+00:00","breadcrumb":{"@id":"https:\/\/templehill.org\/4-temples-among-top-20-peaceful-u-s-tourist-spots-according-to-national-survey\/#breadcrumb"},"inLanguage":"es","potentialAction":[{"@type":"ReadAction","target":["https:\/\/templehill.org\/4-temples-among-top-20-peaceful-u-s-tourist-spots-according-to-national-survey\/"]}]},{"@type":"ImageObject","inLanguage":"es","@id":"https:\/\/templehill.org\/4-temples-among-top-20-peaceful-u-s-tourist-spots-according-to-national-survey\/#primaryimage","url":"https:\/\/templehill.org\/wp-content\/uploads\/2023\/03\/image1.webp","contentUrl":"https:\/\/templehill.org\/wp-content\/uploads\/2023\/03\/image1.webp","width":1920,"height":1440},{"@type":"BreadcrumbList","@id":"https:\/\/templehill.org\/4-temples-among-top-20-peaceful-u-s-tourist-spots-according-to-national-survey\/#breadcrumb","itemListElement":[{"@type":"ListItem","position":1,"name":"Home","item":"https:\/\/templehill.org\/"},{"@type":"ListItem","position":2,"name":"4 temples among top 20 \u2018peaceful\u2019 U.S. tourist spots, according to national survey"}]},{"@type":"WebSite","@id":"https:\/\/templehill.org\/zh\/#website","url":"https:\/\/templehill.org\/zh\/","name":"TempleHill.org","description":"Feel Welcome. Feel the Spirit. Feel Inspired.","publisher":{"@id":"https:\/\/templehill.org\/zh\/#organization"},"potentialAction":[{"@type":"SearchAction","target":{"@type":"EntryPoint","urlTemplate":"https:\/\/templehill.org\/zh\/?s={search_term_string}"},"query-input":{"@type":"PropertyValueSpecification","valueRequired":true,"valueName":"search_term_string"}}],"inLanguage":"es"},{"@type":"Organization","@id":"https:\/\/templehill.org\/zh\/#organization","name":"TempleHill.org","url":"https:\/\/templehill.org\/zh\/","logo":{"@type":"ImageObject","inLanguage":"es","@id":"https:\/\/templehill.org\/zh\/#\/schema\/logo\/image\/","url":"https:\/\/templehill.org\/wp-content\/uploads\/2020\/06\/Temple-Hill-Oakland_logo_Stacked.png","contentUrl":"https:\/\/templehill.org\/wp-content\/uploads\/2020\/06\/Temple-Hill-Oakland_logo_Stacked.png","width":1291,"height":533,"caption":"TempleHill.org"},"image":{"@id":"https:\/\/templehill.org\/zh\/#\/schema\/logo\/image\/"},"sameAs":["https:\/\/www.facebook.com\/OaklandTempleHill","https:\/\/www.instagram.com\/oaklandtemplehill\/"]},{"@type":"Person","@id":"https:\/\/templehill.org\/zh\/#\/schema\/person\/0c0fa294cc445f121adc178ce87b7f8b","name":"Marisa Montierth","image":{"@type":"ImageObject","inLanguage":"es","@id":"https:\/\/secure.gravatar.com\/avatar\/5b3431e36a23cbb3961f96809408e4eb482ff99533291a5d0c963879b77d2b8a?s=96&d=mm&r=g","url":"https:\/\/secure.gravatar.com\/avatar\/5b3431e36a23cbb3961f96809408e4eb482ff99533291a5d0c963879b77d2b8a?s=96&d=mm&r=g","contentUrl":"https:\/\/secure.gravatar.com\/avatar\/5b3431e36a23cbb3961f96809408e4eb482ff99533291a5d0c963879b77d2b8a?s=96&d=mm&r=g","caption":"Marisa Montierth"},"url":"http:\/\/templehill.org\/es\/author\/marisa\/"}]}},"_links":{"self":[{"href":"http:\/\/templehill.org\/es\/wp-json\/wp\/v2\/posts\/9492","targetHints":{"allow":["GET"]}}],"collection":[{"href":"http:\/\/templehill.org\/es\/wp-json\/wp\/v2\/posts"}],"about":[{"href":"http:\/\/templehill.org\/es\/wp-json\/wp\/v2\/types\/post"}],"author":[{"embeddable":true,"href":"http:\/\/templehill.org\/es\/wp-json\/wp\/v2\/users\/13"}],"replies":[{"embeddable":true,"href":"http:\/\/templehill.org\/es\/wp-json\/wp\/v2\/comments?post=9492"}],"version-history":[{"count":0,"href":"http:\/\/templehill.org\/es\/wp-json\/wp\/v2\/posts\/9492\/revisions"}],"wp:attachment":[{"href":"http:\/\/templehill.org\/es\/wp-json\/wp\/v2\/media?parent=9492"}],"wp:term":[{"taxonomy":"category","embeddable":true,"href":"http:\/\/templehill.org\/es\/wp-json\/wp\/v2\/categories?post=9492"},{"taxonomy":"post_tag","embeddable":true,"href":"http:\/\/templehill.org\/es\/wp-json\/wp\/v2\/tags?post=9492"}],"curies":[{"name":"wp","href":"https:\/\/api.w.org\/{rel}","templated":true}]}},{"id":9447,"date":"2023-11-27T00:49:29","date_gmt":"2023-11-27T08:49:29","guid":{"rendered":"https:\/\/templehillstg.wpenginepowered.com\/?p=9447"},"modified":"2025-09-27T18:21:39","modified_gmt":"2025-09-28T01:21:39","slug":"president-mark-a-bragg-dedicates-the-mormon-workers-cabin-in-historic-coloma-california","status":"publish","type":"post","link":"http:\/\/templehill.org\/es\/president-mark-a-bragg-dedicates-the-mormon-workers-cabin-in-historic-coloma-california\/","title":{"rendered":"El presidente Mark A. Bragg dedica la caba\u00f1a de los trabajadores mormones en la hist\u00f3rica Coloma, California"},"content":{"rendered":"<h2 class=\"wp-block-heading\">\u201cDe un simple d\u00eda de enero de 1848 surgi\u00f3 el Gran Estado de California\u201d<\/h2>\n\n\n\n<p class=\"wp-block-paragraph\"><em>Por Rebecca Ellefsen<\/em><\/p>\n\n\n\n<p class=\"wp-block-paragraph\">La rica historia del Batall\u00f3n Morm\u00f3n fue honrada el s\u00e1bado 4 de noviembre<sup>el<\/sup>, 2023 en el Parque Marshall Gold Discovery en Coloma, California. Visitantes de todo el estado de California y de otros lugares se reunieron para el D\u00eda Regional de la Historia de los Pioneros de California.<\/p>\n\n\n\n<figure class=\"wp-block-image size-large\"><img loading=\"lazy\" decoding=\"async\" width=\"725\" height=\"1024\" src=\"https:\/\/templehill.org\/wp-content\/uploads\/2023\/11\/2023-MB-Dedication-Children-3-725x1024.webp\" alt=\"\" class=\"wp-image-9448\" srcset=\"https:\/\/templehill.org\/wp-content\/uploads\/2023\/11\/2023-MB-Dedication-Children-3-725x1024.webp 725w, https:\/\/templehill.org\/wp-content\/uploads\/2023\/11\/2023-MB-Dedication-Children-3-213x300.webp 213w, https:\/\/templehill.org\/wp-content\/uploads\/2023\/11\/2023-MB-Dedication-Children-3-768x1084.webp 768w, https:\/\/templehill.org\/wp-content\/uploads\/2023\/11\/2023-MB-Dedication-Children-3-1088x1536.webp 1088w, https:\/\/templehill.org\/wp-content\/uploads\/2023\/11\/2023-MB-Dedication-Children-3-9x12.webp 9w, https:\/\/templehill.org\/wp-content\/uploads\/2023\/11\/2023-MB-Dedication-Children-3.webp 1360w\" sizes=\"(max-width: 725px) 100vw, 725px\" \/><\/figure>\n\n\n\n<p class=\"wp-block-paragraph\">Fue un hermoso d\u00eda de festividades oto\u00f1ales, destacado por la inauguraci\u00f3n de la r\u00e9plica de la Caba\u00f1a de los Trabajadores Mormones. El evento comenz\u00f3 con un desfile, una banda tocando, puestos y diversi\u00f3n familiar durante todo el d\u00eda.<\/p>\n\n\n\n<figure class=\"wp-block-image size-large\"><img loading=\"lazy\" decoding=\"async\" width=\"1024\" height=\"642\" src=\"https:\/\/templehill.org\/wp-content\/uploads\/2023\/11\/2023-MB-Cabin-dedication-parade-1-1024x642.webp\" alt=\"\" class=\"wp-image-9450\" srcset=\"https:\/\/templehill.org\/wp-content\/uploads\/2023\/11\/2023-MB-Cabin-dedication-parade-1-1024x642.webp 1024w, https:\/\/templehill.org\/wp-content\/uploads\/2023\/11\/2023-MB-Cabin-dedication-parade-1-300x188.webp 300w, https:\/\/templehill.org\/wp-content\/uploads\/2023\/11\/2023-MB-Cabin-dedication-parade-1-768x481.webp 768w, https:\/\/templehill.org\/wp-content\/uploads\/2023\/11\/2023-MB-Cabin-dedication-parade-1-1536x963.webp 1536w, https:\/\/templehill.org\/wp-content\/uploads\/2023\/11\/2023-MB-Cabin-dedication-parade-1-18x12.webp 18w, https:\/\/templehill.org\/wp-content\/uploads\/2023\/11\/2023-MB-Cabin-dedication-parade-1.webp 1844w\" sizes=\"(max-width: 1024px) 100vw, 1024px\" \/><\/figure>\n\n\n\n<p class=\"wp-block-paragraph\">El presidente Bragg, presidente del \u00c1rea Norteam\u00e9rica Oeste de la Iglesia de Jesucristo de los Santos de los \u00daltimos D\u00edas, relat\u00f3 la historia del servicio del Batall\u00f3n Morm\u00f3n al pa\u00eds durante la guerra mexicano-estadounidense de 1846.<\/p>\n\n\n\n<p class=\"wp-block-paragraph\">Los miembros del Batall\u00f3n realizaron una extraordinaria marcha de aproximadamente 3.200 kil\u00f3metros desde Council Bluffs, Iowa, hasta el sur de California. Prestaron servicio en San Diego y Los \u00c1ngeles antes de ser dados de baja.<\/p>\n\n\n\n<p class=\"wp-block-paragraph\">Tras finalizar su servicio en Los \u00c1ngeles en julio de 1847, algunos veteranos se trasladaron al norte, al Valle de Sacramento. Se comprometieron a ayudar en la construcci\u00f3n de un aserradero para James Marshall y John Sutter junto al r\u00edo American.<\/p>\n\n\n\n<p class=\"wp-block-paragraph\">Seis veteranos terminaron de construir la Caba\u00f1a de los Trabajadores Mormones la noche antes de que James Marshall descubriera oro en el canal del molino el 24 de enero de 1848. Ayudaron a comprobar la validez del oro. Henry Bigler y Azariah Smith capturaron el momento document\u00e1ndolo en sus diarios.<\/p>\n\n\n\n<figure class=\"wp-block-image size-large\"><img loading=\"lazy\" decoding=\"async\" width=\"1024\" height=\"712\" src=\"https:\/\/templehill.org\/wp-content\/uploads\/2023\/11\/2023-MB-Dedication-Cabin-workers-1024x712.webp\" alt=\"\" class=\"wp-image-9451\" srcset=\"https:\/\/templehill.org\/wp-content\/uploads\/2023\/11\/2023-MB-Dedication-Cabin-workers-1024x712.webp 1024w, https:\/\/templehill.org\/wp-content\/uploads\/2023\/11\/2023-MB-Dedication-Cabin-workers-300x209.webp 300w, https:\/\/templehill.org\/wp-content\/uploads\/2023\/11\/2023-MB-Dedication-Cabin-workers-768x534.webp 768w, https:\/\/templehill.org\/wp-content\/uploads\/2023\/11\/2023-MB-Dedication-Cabin-workers-1536x1068.webp 1536w, https:\/\/templehill.org\/wp-content\/uploads\/2023\/11\/2023-MB-Dedication-Cabin-workers-18x12.webp 18w, https:\/\/templehill.org\/wp-content\/uploads\/2023\/11\/2023-MB-Dedication-Cabin-workers.webp 1830w\" sizes=\"(max-width: 1024px) 100vw, 1024px\" \/><\/figure>\n\n\n\n<p class=\"wp-block-paragraph\">La Caba\u00f1a de los Trabajadores Mormones es un s\u00edmbolo de los or\u00edgenes del estado de California y su impacto en el mundo. La caba\u00f1a original desapareci\u00f3 hace mucho tiempo, pero esta nueva r\u00e9plica puede transmitir su valiosa historia a las generaciones futuras. Se encuentra cerca del edificio original.<\/p>\n\n\n\n<p class=\"wp-block-paragraph\">Tras 12 a\u00f1os, 100.000 d\u00f3lares de contribuciones privadas y la mano de obra de los miembros de la Asociaci\u00f3n del Patrimonio Pionero de California, la r\u00e9plica de la caba\u00f1a est\u00e1 finalmente terminada. La madera est\u00e1 tallada a mano, con bisagras y herrajes de hierro hechos a mano. En el interior se encuentra la chimenea, rodeada de utensilios de cocina de \u00e9poca, una mesa en el centro y seis literas para los trabajadores del aserradero. Entre los constructores de la caba\u00f1a se encontraban descendientes del Ship Brooklyn y del Batall\u00f3n Morm\u00f3n.<\/p>\n\n\n\n<figure class=\"wp-block-image size-full\"><img loading=\"lazy\" decoding=\"async\" width=\"947\" height=\"963\" src=\"https:\/\/templehill.org\/wp-content\/uploads\/2023\/11\/2023-MB-Dedication-Children-2.webp\" alt=\"\" class=\"wp-image-9452\" srcset=\"https:\/\/templehill.org\/wp-content\/uploads\/2023\/11\/2023-MB-Dedication-Children-2.webp 947w, https:\/\/templehill.org\/wp-content\/uploads\/2023\/11\/2023-MB-Dedication-Children-2-295x300.webp 295w, https:\/\/templehill.org\/wp-content\/uploads\/2023\/11\/2023-MB-Dedication-Children-2-768x781.webp 768w, https:\/\/templehill.org\/wp-content\/uploads\/2023\/11\/2023-MB-Dedication-Children-2-12x12.webp 12w\" sizes=\"(max-width: 947px) 100vw, 947px\" \/><\/figure>\n\n\n\n<p class=\"wp-block-paragraph\">En la oraci\u00f3n dedicatoria, el presidente Bragg dijo: \u201cBendigo a quienes lo visitan, brind\u00e1ndoles una perspectiva especial sobre la historia y el significado de este gran sitio. Lo dedico como un lugar de fe, un lugar de oraci\u00f3n, un lugar de aprendizaje y un lugar de paz y contemplaci\u00f3n\u201d.\u201d<\/p>\n\n\n\n<p class=\"wp-block-paragraph\">Continu\u00f3: \u201c\u2026bendice las mentes inquisitivas de todos aquellos que anhelan saber m\u00e1s sobre este sitio y la participaci\u00f3n de los miembros fieles de la Iglesia de Jesucristo que desempe\u00f1aron un papel en la gran Fiebre del Oro de California y en la construcci\u00f3n de este gran estado\u201d.\u201d<\/p>\n\n\n\n<p class=\"wp-block-paragraph\">\u201cDedicamos esta hermosa Caba\u00f1a Mormona al estado de California para visitantes y amigos de todo el mundo, que vendr\u00e1n y renovar\u00e1n sus corazones con el sentimiento de la gran bendici\u00f3n de los pioneros, y para aquellos que estuvieron dispuestos a abrir camino y darnos lo que tenemos hoy\u201d.\u201d<\/p>\n\n\n\n<figure class=\"wp-block-image size-large\"><img loading=\"lazy\" decoding=\"async\" width=\"1024\" height=\"702\" src=\"https:\/\/templehill.org\/wp-content\/uploads\/2023\/11\/2023-MB-Dedication-Transfer-Deed-1024x702.webp\" alt=\"\" class=\"wp-image-9453\" srcset=\"https:\/\/templehill.org\/wp-content\/uploads\/2023\/11\/2023-MB-Dedication-Transfer-Deed-1024x702.webp 1024w, https:\/\/templehill.org\/wp-content\/uploads\/2023\/11\/2023-MB-Dedication-Transfer-Deed-300x206.webp 300w, https:\/\/templehill.org\/wp-content\/uploads\/2023\/11\/2023-MB-Dedication-Transfer-Deed-768x527.webp 768w, https:\/\/templehill.org\/wp-content\/uploads\/2023\/11\/2023-MB-Dedication-Transfer-Deed-1536x1053.webp 1536w, https:\/\/templehill.org\/wp-content\/uploads\/2023\/11\/2023-MB-Dedication-Transfer-Deed-18x12.webp 18w, https:\/\/templehill.org\/wp-content\/uploads\/2023\/11\/2023-MB-Dedication-Transfer-Deed.webp 1920w\" sizes=\"(max-width: 1024px) 100vw, 1024px\" \/><\/figure>\n\n\n\n<p class=\"wp-block-paragraph\">El presentador del programa fue Dirk Verdoorn, meteor\u00f3logo de KCRA 3. Tambi\u00e9n asistieron el congresista Tom McClintock, el asamble\u00edsta Tom Lackey, William Holmes, de la Asociaci\u00f3n de Senderos de Oreg\u00f3n y California, y Mary Ann Kirk, de la Asociaci\u00f3n del Batall\u00f3n Morm\u00f3n. Tambi\u00e9n estuvieron presentes Rick Kopf (\u00c1rea de la Bah\u00eda), Scott Hepworth (\u00c1rea de San Jos\u00e9), Troy Mangrum (\u00c1rea de Fresno\/Modesto) y Danny Wells (\u00c1rea de Santa Rosa), Director de Comunicaciones de la Iglesia de Jesucristo de los Santos de los \u00daltimos D\u00edas.<\/p>\n\n\n\n<p class=\"wp-block-paragraph\">Agradecemos al presidente Dennis Holland, de la Misi\u00f3n de Servicio de Historia Viva de California, por su visi\u00f3n y liderazgo en la construcci\u00f3n de esta nueva caba\u00f1a. Hoy se abre un nuevo cap\u00edtulo para ense\u00f1ar sobre las contribuciones de los veteranos del Batall\u00f3n Morm\u00f3n a la historia de California.<\/p>\n\n\n\n<p class=\"wp-block-paragraph\">El d\u00eda culmin\u00f3 con el disparo de un ca\u00f1\u00f3n de p\u00f3lvora negra para inaugurar la caba\u00f1a. Finalmente, Grant Deed fue transferido amablemente de la Asociaci\u00f3n del Patrimonio Pionero de California al Departamento de Parques Estatales.<\/p>","protected":false},"excerpt":{"rendered":"<p>\u201cFrom a simple day in January 1848 sprang the Great State of California\u201d By Rebecca Ellefsen The rich history of the Mormon Battalion was honored on Saturday, November 4th, 2023 [&hellip;]<\/p>\n","protected":false},"author":13,"featured_media":9455,"comment_status":"open","ping_status":"open","sticky":false,"template":"","format":"standard","meta":{"_price":"","_stock":"","_tribe_ticket_header":"","_tribe_default_ticket_provider":"","_tribe_ticket_capacity":"0","_ticket_start_date":"","_ticket_end_date":"","_tribe_ticket_show_description":"","_tribe_ticket_show_not_going":false,"_tribe_ticket_use_global_stock":"","_tribe_ticket_global_stock_level":"","_global_stock_mode":"","_global_stock_cap":"","_tribe_rsvp_for_event":"","_tribe_ticket_going_count":"","_tribe_ticket_not_going_count":"","_tribe_tickets_list":"[]","_tribe_ticket_has_attendee_info_fields":false,"footnotes":""},"categories":[22,72],"tags":[],"class_list":["post-9447","post","type-post","status-publish","format-standard","has-post-thumbnail","hentry","category-education","category-events","entry"],"yoast_head":"<!-- This site is optimized with the Yoast SEO plugin v28.4 - https:\/\/yoast.com\/product\/yoast-seo-wordpress\/ -->\n<title>President Mark A. Bragg Dedicates the Mormon Workers Cabin in Historic Coloma, California - TempleHill.org<\/title>\n<meta name=\"robots\" content=\"index, follow, max-snippet:-1, max-image-preview:large, max-video-preview:-1\" \/>\n<link rel=\"canonical\" href=\"https:\/\/templehill.org\/es\/president-mark-a-bragg-dedicates-the-mormon-workers-cabin-in-historic-coloma-california\/\" \/>\n<meta property=\"og:locale\" content=\"es_MX\" \/>\n<meta property=\"og:type\" content=\"article\" \/>\n<meta property=\"og:title\" content=\"President Mark A. Bragg Dedicates the Mormon Workers Cabin in Historic Coloma, California - TempleHill.org\" \/>\n<meta property=\"og:description\" content=\"\u201cFrom a simple day in January 1848 sprang the Great State of California\u201d By Rebecca Ellefsen The rich history of the Mormon Battalion was honored on Saturday, November 4th, 2023 [&hellip;]\" \/>\n<meta property=\"og:url\" content=\"https:\/\/templehill.org\/es\/president-mark-a-bragg-dedicates-the-mormon-workers-cabin-in-historic-coloma-california\/\" \/>\n<meta property=\"og:site_name\" content=\"TempleHill.org\" \/>\n<meta property=\"article:publisher\" content=\"https:\/\/www.facebook.com\/OaklandTempleHill\" \/>\n<meta property=\"article:published_time\" content=\"2023-11-27T08:49:29+00:00\" \/>\n<meta property=\"article:modified_time\" content=\"2025-09-28T01:21:39+00:00\" \/>\n<meta property=\"og:image\" content=\"https:\/\/templehill.org\/wp-content\/uploads\/2023\/11\/2023-MB-Dedication-Bragg-B.webp\" \/>\n\t<meta property=\"og:image:width\" content=\"1280\" \/>\n\t<meta property=\"og:image:height\" content=\"704\" \/>\n\t<meta property=\"og:image:type\" content=\"image\/jpeg\" \/>\n<meta name=\"author\" content=\"Marisa Montierth\" \/>\n<meta name=\"twitter:card\" content=\"summary_large_image\" \/>\n<meta name=\"twitter:label1\" content=\"Escrito por\" \/>\n\t<meta name=\"twitter:data1\" content=\"Marisa Montierth\" \/>\n\t<meta name=\"twitter:label2\" content=\"Tiempo de lectura\" \/>\n\t<meta name=\"twitter:data2\" content=\"3 minutos\" \/>\n<script type=\"application\/ld+json\" class=\"yoast-schema-graph\">{\"@context\":\"https:\\\/\\\/schema.org\",\"@graph\":[{\"@type\":\"Article\",\"@id\":\"https:\\\/\\\/templehill.org\\\/president-mark-a-bragg-dedicates-the-mormon-workers-cabin-in-historic-coloma-california\\\/#article\",\"isPartOf\":{\"@id\":\"https:\\\/\\\/templehill.org\\\/president-mark-a-bragg-dedicates-the-mormon-workers-cabin-in-historic-coloma-california\\\/\"},\"author\":{\"name\":\"Marisa Montierth\",\"@id\":\"https:\\\/\\\/templehill.org\\\/zh\\\/#\\\/schema\\\/person\\\/0c0fa294cc445f121adc178ce87b7f8b\"},\"headline\":\"President Mark A. Bragg Dedicates the Mormon Workers Cabin in Historic Coloma, California\",\"datePublished\":\"2023-11-27T08:49:29+00:00\",\"dateModified\":\"2025-09-28T01:21:39+00:00\",\"mainEntityOfPage\":{\"@id\":\"https:\\\/\\\/templehill.org\\\/president-mark-a-bragg-dedicates-the-mormon-workers-cabin-in-historic-coloma-california\\\/\"},\"wordCount\":660,\"commentCount\":0,\"publisher\":{\"@id\":\"https:\\\/\\\/templehill.org\\\/zh\\\/#organization\"},\"image\":{\"@id\":\"https:\\\/\\\/templehill.org\\\/president-mark-a-bragg-dedicates-the-mormon-workers-cabin-in-historic-coloma-california\\\/#primaryimage\"},\"thumbnailUrl\":\"https:\\\/\\\/templehill.org\\\/wp-content\\\/uploads\\\/2023\\\/11\\\/2023-MB-Dedication-Bragg-B.webp\",\"articleSection\":[\"Education\",\"Events\"],\"inLanguage\":\"es\",\"potentialAction\":[{\"@type\":\"CommentAction\",\"name\":\"Comment\",\"target\":[\"https:\\\/\\\/templehill.org\\\/president-mark-a-bragg-dedicates-the-mormon-workers-cabin-in-historic-coloma-california\\\/#respond\"]}]},{\"@type\":\"WebPage\",\"@id\":\"https:\\\/\\\/templehill.org\\\/president-mark-a-bragg-dedicates-the-mormon-workers-cabin-in-historic-coloma-california\\\/\",\"url\":\"https:\\\/\\\/templehill.org\\\/president-mark-a-bragg-dedicates-the-mormon-workers-cabin-in-historic-coloma-california\\\/\",\"name\":\"President Mark A. Bragg Dedicates the Mormon Workers Cabin in Historic Coloma, California - TempleHill.org\",\"isPartOf\":{\"@id\":\"https:\\\/\\\/templehill.org\\\/zh\\\/#website\"},\"primaryImageOfPage\":{\"@id\":\"https:\\\/\\\/templehill.org\\\/president-mark-a-bragg-dedicates-the-mormon-workers-cabin-in-historic-coloma-california\\\/#primaryimage\"},\"image\":{\"@id\":\"https:\\\/\\\/templehill.org\\\/president-mark-a-bragg-dedicates-the-mormon-workers-cabin-in-historic-coloma-california\\\/#primaryimage\"},\"thumbnailUrl\":\"https:\\\/\\\/templehill.org\\\/wp-content\\\/uploads\\\/2023\\\/11\\\/2023-MB-Dedication-Bragg-B.webp\",\"datePublished\":\"2023-11-27T08:49:29+00:00\",\"dateModified\":\"2025-09-28T01:21:39+00:00\",\"breadcrumb\":{\"@id\":\"https:\\\/\\\/templehill.org\\\/president-mark-a-bragg-dedicates-the-mormon-workers-cabin-in-historic-coloma-california\\\/#breadcrumb\"},\"inLanguage\":\"es\",\"potentialAction\":[{\"@type\":\"ReadAction\",\"target\":[\"https:\\\/\\\/templehill.org\\\/president-mark-a-bragg-dedicates-the-mormon-workers-cabin-in-historic-coloma-california\\\/\"]}]},{\"@type\":\"ImageObject\",\"inLanguage\":\"es\",\"@id\":\"https:\\\/\\\/templehill.org\\\/president-mark-a-bragg-dedicates-the-mormon-workers-cabin-in-historic-coloma-california\\\/#primaryimage\",\"url\":\"https:\\\/\\\/templehill.org\\\/wp-content\\\/uploads\\\/2023\\\/11\\\/2023-MB-Dedication-Bragg-B.webp\",\"contentUrl\":\"https:\\\/\\\/templehill.org\\\/wp-content\\\/uploads\\\/2023\\\/11\\\/2023-MB-Dedication-Bragg-B.webp\",\"width\":1280,\"height\":704},{\"@type\":\"BreadcrumbList\",\"@id\":\"https:\\\/\\\/templehill.org\\\/president-mark-a-bragg-dedicates-the-mormon-workers-cabin-in-historic-coloma-california\\\/#breadcrumb\",\"itemListElement\":[{\"@type\":\"ListItem\",\"position\":1,\"name\":\"Home\",\"item\":\"https:\\\/\\\/templehill.org\\\/\"},{\"@type\":\"ListItem\",\"position\":2,\"name\":\"President Mark A. Bragg Dedicates the Mormon Workers Cabin in Historic Coloma, California\"}]},{\"@type\":\"WebSite\",\"@id\":\"https:\\\/\\\/templehill.org\\\/zh\\\/#website\",\"url\":\"https:\\\/\\\/templehill.org\\\/zh\\\/\",\"name\":\"TempleHill.org\",\"description\":\"Feel Welcome. Feel the Spirit. Feel Inspired.\",\"publisher\":{\"@id\":\"https:\\\/\\\/templehill.org\\\/zh\\\/#organization\"},\"potentialAction\":[{\"@type\":\"SearchAction\",\"target\":{\"@type\":\"EntryPoint\",\"urlTemplate\":\"https:\\\/\\\/templehill.org\\\/zh\\\/?s={search_term_string}\"},\"query-input\":{\"@type\":\"PropertyValueSpecification\",\"valueRequired\":true,\"valueName\":\"search_term_string\"}}],\"inLanguage\":\"es\"},{\"@type\":\"Organization\",\"@id\":\"https:\\\/\\\/templehill.org\\\/zh\\\/#organization\",\"name\":\"TempleHill.org\",\"url\":\"https:\\\/\\\/templehill.org\\\/zh\\\/\",\"logo\":{\"@type\":\"ImageObject\",\"inLanguage\":\"es\",\"@id\":\"https:\\\/\\\/templehill.org\\\/zh\\\/#\\\/schema\\\/logo\\\/image\\\/\",\"url\":\"https:\\\/\\\/templehill.org\\\/wp-content\\\/uploads\\\/2020\\\/06\\\/Temple-Hill-Oakland_logo_Stacked.png\",\"contentUrl\":\"https:\\\/\\\/templehill.org\\\/wp-content\\\/uploads\\\/2020\\\/06\\\/Temple-Hill-Oakland_logo_Stacked.png\",\"width\":1291,\"height\":533,\"caption\":\"TempleHill.org\"},\"image\":{\"@id\":\"https:\\\/\\\/templehill.org\\\/zh\\\/#\\\/schema\\\/logo\\\/image\\\/\"},\"sameAs\":[\"https:\\\/\\\/www.facebook.com\\\/OaklandTempleHill\",\"https:\\\/\\\/www.instagram.com\\\/oaklandtemplehill\\\/\"]},{\"@type\":\"Person\",\"@id\":\"https:\\\/\\\/templehill.org\\\/zh\\\/#\\\/schema\\\/person\\\/0c0fa294cc445f121adc178ce87b7f8b\",\"name\":\"Marisa Montierth\",\"image\":{\"@type\":\"ImageObject\",\"inLanguage\":\"es\",\"@id\":\"https:\\\/\\\/secure.gravatar.com\\\/avatar\\\/5b3431e36a23cbb3961f96809408e4eb482ff99533291a5d0c963879b77d2b8a?s=96&d=mm&r=g\",\"url\":\"https:\\\/\\\/secure.gravatar.com\\\/avatar\\\/5b3431e36a23cbb3961f96809408e4eb482ff99533291a5d0c963879b77d2b8a?s=96&d=mm&r=g\",\"contentUrl\":\"https:\\\/\\\/secure.gravatar.com\\\/avatar\\\/5b3431e36a23cbb3961f96809408e4eb482ff99533291a5d0c963879b77d2b8a?s=96&d=mm&r=g\",\"caption\":\"Marisa Montierth\"},\"url\":\"http:\\\/\\\/templehill.org\\\/es\\\/author\\\/marisa\\\/\"}]}<\/script>\n<!-- \/ Yoast SEO plugin. -->","yoast_head_json":{"title":"El presidente Mark A. Bragg inaugura la Caba\u00f1a de los Trabajadores Mormones en el hist\u00f3rico Coloma, California - TempleHill.org","robots":{"index":"index","follow":"follow","max-snippet":"max-snippet:-1","max-image-preview":"max-image-preview:large","max-video-preview":"max-video-preview:-1"},"canonical":"https:\/\/templehill.org\/es\/president-mark-a-bragg-dedicates-the-mormon-workers-cabin-in-historic-coloma-california\/","og_locale":"es_MX","og_type":"article","og_title":"President Mark A. Bragg Dedicates the Mormon Workers Cabin in Historic Coloma, California - TempleHill.org","og_description":"\u201cFrom a simple day in January 1848 sprang the Great State of California\u201d By Rebecca Ellefsen The rich history of the Mormon Battalion was honored on Saturday, November 4th, 2023 [&hellip;]","og_url":"https:\/\/templehill.org\/es\/president-mark-a-bragg-dedicates-the-mormon-workers-cabin-in-historic-coloma-california\/","og_site_name":"TempleHill.org","article_publisher":"https:\/\/www.facebook.com\/OaklandTempleHill","article_published_time":"2023-11-27T08:49:29+00:00","article_modified_time":"2025-09-28T01:21:39+00:00","og_image":[{"width":1280,"height":704,"url":"https:\/\/templehill.org\/wp-content\/uploads\/2023\/11\/2023-MB-Dedication-Bragg-B.webp","type":"image\/jpeg"}],"author":"Marisa Montierth","twitter_card":"summary_large_image","twitter_misc":{"Escrito por":"Marisa Montierth","Tiempo de lectura":"3 minutos"},"schema":{"@context":"https:\/\/schema.org","@graph":[{"@type":"Article","@id":"https:\/\/templehill.org\/president-mark-a-bragg-dedicates-the-mormon-workers-cabin-in-historic-coloma-california\/#article","isPartOf":{"@id":"https:\/\/templehill.org\/president-mark-a-bragg-dedicates-the-mormon-workers-cabin-in-historic-coloma-california\/"},"author":{"name":"Marisa Montierth","@id":"https:\/\/templehill.org\/zh\/#\/schema\/person\/0c0fa294cc445f121adc178ce87b7f8b"},"headline":"President Mark A. Bragg Dedicates the Mormon Workers Cabin in Historic Coloma, California","datePublished":"2023-11-27T08:49:29+00:00","dateModified":"2025-09-28T01:21:39+00:00","mainEntityOfPage":{"@id":"https:\/\/templehill.org\/president-mark-a-bragg-dedicates-the-mormon-workers-cabin-in-historic-coloma-california\/"},"wordCount":660,"commentCount":0,"publisher":{"@id":"https:\/\/templehill.org\/zh\/#organization"},"image":{"@id":"https:\/\/templehill.org\/president-mark-a-bragg-dedicates-the-mormon-workers-cabin-in-historic-coloma-california\/#primaryimage"},"thumbnailUrl":"https:\/\/templehill.org\/wp-content\/uploads\/2023\/11\/2023-MB-Dedication-Bragg-B.webp","articleSection":["Education","Events"],"inLanguage":"es","potentialAction":[{"@type":"CommentAction","name":"Comment","target":["https:\/\/templehill.org\/president-mark-a-bragg-dedicates-the-mormon-workers-cabin-in-historic-coloma-california\/#respond"]}]},{"@type":"WebPage","@id":"https:\/\/templehill.org\/president-mark-a-bragg-dedicates-the-mormon-workers-cabin-in-historic-coloma-california\/","url":"https:\/\/templehill.org\/president-mark-a-bragg-dedicates-the-mormon-workers-cabin-in-historic-coloma-california\/","name":"President Mark A. Bragg Dedicates the Mormon Workers Cabin in Historic Coloma, California - TempleHill.org","isPartOf":{"@id":"https:\/\/templehill.org\/zh\/#website"},"primaryImageOfPage":{"@id":"https:\/\/templehill.org\/president-mark-a-bragg-dedicates-the-mormon-workers-cabin-in-historic-coloma-california\/#primaryimage"},"image":{"@id":"https:\/\/templehill.org\/president-mark-a-bragg-dedicates-the-mormon-workers-cabin-in-historic-coloma-california\/#primaryimage"},"thumbnailUrl":"https:\/\/templehill.org\/wp-content\/uploads\/2023\/11\/2023-MB-Dedication-Bragg-B.webp","datePublished":"2023-11-27T08:49:29+00:00","dateModified":"2025-09-28T01:21:39+00:00","breadcrumb":{"@id":"https:\/\/templehill.org\/president-mark-a-bragg-dedicates-the-mormon-workers-cabin-in-historic-coloma-california\/#breadcrumb"},"inLanguage":"es","potentialAction":[{"@type":"ReadAction","target":["https:\/\/templehill.org\/president-mark-a-bragg-dedicates-the-mormon-workers-cabin-in-historic-coloma-california\/"]}]},{"@type":"ImageObject","inLanguage":"es","@id":"https:\/\/templehill.org\/president-mark-a-bragg-dedicates-the-mormon-workers-cabin-in-historic-coloma-california\/#primaryimage","url":"https:\/\/templehill.org\/wp-content\/uploads\/2023\/11\/2023-MB-Dedication-Bragg-B.webp","contentUrl":"https:\/\/templehill.org\/wp-content\/uploads\/2023\/11\/2023-MB-Dedication-Bragg-B.webp","width":1280,"height":704},{"@type":"BreadcrumbList","@id":"https:\/\/templehill.org\/president-mark-a-bragg-dedicates-the-mormon-workers-cabin-in-historic-coloma-california\/#breadcrumb","itemListElement":[{"@type":"ListItem","position":1,"name":"Home","item":"https:\/\/templehill.org\/"},{"@type":"ListItem","position":2,"name":"President Mark A. Bragg Dedicates the Mormon Workers Cabin in Historic Coloma, California"}]},{"@type":"WebSite","@id":"https:\/\/templehill.org\/zh\/#website","url":"https:\/\/templehill.org\/zh\/","name":"TempleHill.org","description":"Feel Welcome. Feel the Spirit. Feel Inspired.","publisher":{"@id":"https:\/\/templehill.org\/zh\/#organization"},"potentialAction":[{"@type":"SearchAction","target":{"@type":"EntryPoint","urlTemplate":"https:\/\/templehill.org\/zh\/?s={search_term_string}"},"query-input":{"@type":"PropertyValueSpecification","valueRequired":true,"valueName":"search_term_string"}}],"inLanguage":"es"},{"@type":"Organization","@id":"https:\/\/templehill.org\/zh\/#organization","name":"TempleHill.org","url":"https:\/\/templehill.org\/zh\/","logo":{"@type":"ImageObject","inLanguage":"es","@id":"https:\/\/templehill.org\/zh\/#\/schema\/logo\/image\/","url":"https:\/\/templehill.org\/wp-content\/uploads\/2020\/06\/Temple-Hill-Oakland_logo_Stacked.png","contentUrl":"https:\/\/templehill.org\/wp-content\/uploads\/2020\/06\/Temple-Hill-Oakland_logo_Stacked.png","width":1291,"height":533,"caption":"TempleHill.org"},"image":{"@id":"https:\/\/templehill.org\/zh\/#\/schema\/logo\/image\/"},"sameAs":["https:\/\/www.facebook.com\/OaklandTempleHill","https:\/\/www.instagram.com\/oaklandtemplehill\/"]},{"@type":"Person","@id":"https:\/\/templehill.org\/zh\/#\/schema\/person\/0c0fa294cc445f121adc178ce87b7f8b","name":"Marisa Montierth","image":{"@type":"ImageObject","inLanguage":"es","@id":"https:\/\/secure.gravatar.com\/avatar\/5b3431e36a23cbb3961f96809408e4eb482ff99533291a5d0c963879b77d2b8a?s=96&d=mm&r=g","url":"https:\/\/secure.gravatar.com\/avatar\/5b3431e36a23cbb3961f96809408e4eb482ff99533291a5d0c963879b77d2b8a?s=96&d=mm&r=g","contentUrl":"https:\/\/secure.gravatar.com\/avatar\/5b3431e36a23cbb3961f96809408e4eb482ff99533291a5d0c963879b77d2b8a?s=96&d=mm&r=g","caption":"Marisa Montierth"},"url":"http:\/\/templehill.org\/es\/author\/marisa\/"}]}},"_links":{"self":[{"href":"http:\/\/templehill.org\/es\/wp-json\/wp\/v2\/posts\/9447","targetHints":{"allow":["GET"]}}],"collection":[{"href":"http:\/\/templehill.org\/es\/wp-json\/wp\/v2\/posts"}],"about":[{"href":"http:\/\/templehill.org\/es\/wp-json\/wp\/v2\/types\/post"}],"author":[{"embeddable":true,"href":"http:\/\/templehill.org\/es\/wp-json\/wp\/v2\/users\/13"}],"replies":[{"embeddable":true,"href":"http:\/\/templehill.org\/es\/wp-json\/wp\/v2\/comments?post=9447"}],"version-history":[{"count":0,"href":"http:\/\/templehill.org\/es\/wp-json\/wp\/v2\/posts\/9447\/revisions"}],"wp:featuredmedia":[{"embeddable":true,"href":"http:\/\/templehill.org\/es\/wp-json\/wp\/v2\/media\/9455"}],"wp:attachment":[{"href":"http:\/\/templehill.org\/es\/wp-json\/wp\/v2\/media?parent=9447"}],"wp:term":[{"taxonomy":"category","embeddable":true,"href":"http:\/\/templehill.org\/es\/wp-json\/wp\/v2\/categories?post=9447"},{"taxonomy":"post_tag","embeddable":true,"href":"http:\/\/templehill.org\/es\/wp-json\/wp\/v2\/tags?post=9447"}],"curies":[{"name":"wp","href":"https:\/\/api.w.org\/{rel}","templated":true}]}},{"id":9164,"date":"2023-10-31T11:16:21","date_gmt":"2023-10-31T18:16:21","guid":{"rendered":"https:\/\/templehillstg.wpenginepowered.com\/?p=9164"},"modified":"2023-10-31T11:16:26","modified_gmt":"2023-10-31T18:16:26","slug":"qa-with-jenny-oaks-baker-and-jason-wright-on-their-new-book-witnesses-of-christmas-and-their-show-joy-to-the-world-a-sacred-celebration","status":"publish","type":"post","link":"http:\/\/templehill.org\/es\/qa-with-jenny-oaks-baker-and-jason-wright-on-their-new-book-witnesses-of-christmas-and-their-show-joy-to-the-world-a-sacred-celebration\/","title":{"rendered":"Entrevista con Jenny Oaks Baker y Jason Wright sobre su nuevo libro \u201cWitnesses of Christmas\u201d y su programa \u201cJoy to the World: A Sacred Celebration\u201d"},"content":{"rendered":"<p class=\"wp-block-paragraph\"><strong><em>Por\u00a0<a href=\"https:\/\/latterdaysaintmag.com\/author\/jason-f-wright\/\">Jason F. Wright<\/a><\/em><\/strong><\/p>\n\n\n\n<p class=\"wp-block-paragraph\"><em><strong>***\u00a1No te pierdas a Jenny Oaks Baker en Oakland Temple Hill el 22 de diciembre de 2023! ***<\/strong><\/em><\/p>\n\n\n\n<p class=\"wp-block-paragraph\">En un episodio reciente del podcast \u201cThe Book Mic Drop\u201d, Jason y Jenny hablaron sobre su nuevo libro, \u201cTestigos de Navidad: Un viaje musical a trav\u00e9s de la Natividad de Jes\u00fas el Cristo\u201d y su espect\u00e1culo navide\u00f1o anual, \u201cAlegr\u00eda para el mundo: Una celebraci\u00f3n sagrada\u201d.\u201d<\/p>\n\n\n\n<p class=\"wp-block-paragraph\">El libro ya est\u00e1 disponible&nbsp;<a href=\"https:\/\/na01.safelinks.protection.outlook.com\/?url=https%3A%2F%2Fshadowmountain.com%2Fproduct%2Fwitnesses-of-christmas-a-musical-journey-through-the-nativity-of-jesus-the-christ%2F&amp;data=05%7C01%7C%7C5744237c53d245cd6f5208dbd4461c0d%7C84df9e7fe9f640afb435aaaaaaaaaaaa%7C1%7C0%7C638337170432413325%7CUnknown%7CTWFpbGZsb3d8eyJWIjoiMC4wLjAwMDAiLCJQIjoiV2luMzIiLCJBTiI6Ik1haWwiLCJXVCI6Mn0%3D%7C3000%7C%7C%7C&amp;sdata=fU10rXOTBeY5ba1Lu3acwPrAQS%2FwmIgSWM6nVPEyeUs%3D&amp;reserved=0\" target=\"_blank\" rel=\"noreferrer noopener\">en l\u00ednea<\/a>&nbsp;o en tiendas tradicionales. Las entradas para la gira y los horarios de los espect\u00e1culos est\u00e1n disponibles en&nbsp;<a href=\"https:\/\/na01.safelinks.protection.outlook.com\/?url=http%3A%2F%2Fwww.jennyoaksbaker.com%2Ftour&amp;data=05%7C01%7C%7C5744237c53d245cd6f5208dbd4461c0d%7C84df9e7fe9f640afb435aaaaaaaaaaaa%7C1%7C0%7C638337170432413325%7CUnknown%7CTWFpbGZsb3d8eyJWIjoiMC4wLjAwMDAiLCJQIjoiV2luMzIiLCJBTiI6Ik1haWwiLCJXVCI6Mn0%3D%7C3000%7C%7C%7C&amp;sdata=suBZa1ADsT%2BKl1A4WzdpisulICSf2wMCHR8daxG8K%2FU%3D&amp;reserved=0\" target=\"_blank\" rel=\"noreferrer noopener\">www.jennyoaksbaker.com\/tour<\/a><\/p>\n\n\n\n<p class=\"wp-block-paragraph\">A continuaci\u00f3n se muestra una transcripci\u00f3n editada de la entrevista, exclusiva para los lectores de Meridian.<\/p>\n\n\n\n<p class=\"wp-block-paragraph\"><strong>Jason:<\/strong><\/p>\n\n\n\n<p class=\"wp-block-paragraph\">Jenny, cu\u00e9ntanos qui\u00e9n eres y por qu\u00e9 haces lo que haces.<\/p>\n\n\n\n<p class=\"wp-block-paragraph\"><strong>Jenny:<\/strong><\/p>\n\n\n\n<p class=\"wp-block-paragraph\">Bueno, la raz\u00f3n por la que hago lo que hago es porque el Esp\u00edritu me lo ha dicho, y trato de ser obediente porque amo las bendiciones.<\/p>\n\n\n\n<p class=\"wp-block-paragraph\">Empec\u00e9 a tocar el viol\u00edn a los cuatro a\u00f1os y enseguida demostr\u00e9 que ten\u00eda el talento que Dios me hab\u00eda dado. Mi madre lo reconoci\u00f3 y me apoy\u00f3 much\u00edsimo, al igual que mi padre. Practiqu\u00e9 mucho y mis padres me inculcaron la responsabilidad de desarrollar mi talento y ser digno y estar listo para usarlo para construir el reino de Dios. Siempre supe que Dios ten\u00eda algo para m\u00ed y que deb\u00eda obedecer los mandamientos, trabajar duro y escuchar al Esp\u00edritu para intentar descubrirlo.<\/p>\n\n\n\n<p class=\"wp-block-paragraph\">Luego entr\u00e9 al Instituto Curtis de M\u00fasica, que es un lugar realmente especial. Probablemente sea la mejor escuela de m\u00fasica del mundo, as\u00ed que tuve mucha suerte de entrar. Y luego obtuve mi maestr\u00eda en la Juilliard School de Nueva York. Conoc\u00ed a mi esposo en Nueva York, nos casamos y nos mudamos a Washington D. C. por su trabajo. Despu\u00e9s entr\u00e9 en la Sinf\u00f3nica Nacional y toqu\u00e9 mientras ten\u00eda hijos.<\/p>\n\n\n\n<p class=\"wp-block-paragraph\">Para cuando tuve a nuestro cuarto hijo, sent\u00eda que la sinfon\u00eda no era lo que Dios quer\u00eda que hiciera. \u00c9l quer\u00eda que estuviera en casa con mis hijos. As\u00ed que me alej\u00e9 de la sinfon\u00eda, lo cual fue muy duro y aterrador.<\/p>\n\n\n\n<p class=\"wp-block-paragraph\">Grab\u00e9 algunos \u00e1lbumes como solista, pero no di ning\u00fan concierto. Al d\u00eda siguiente de dejar la sinf\u00f3nica, empezaron a llamarme directores y empec\u00e9 a actuar bastante. Al no estar en la sinf\u00f3nica, tuve m\u00e1s tiempo para ayudar a mis hijos a desarrollar su talento musical y, con los a\u00f1os, empezaron a actuar conmigo. Aunque ya son mayores, por suerte siguen actuando conmigo.<\/p>\n\n\n\n<p class=\"wp-block-paragraph\">Mi hija mayor, Laura, est\u00e1 casada y toca el viol\u00edn. Hannah, la segunda, es pianista. Va a la Real Academia de M\u00fasica de Londres para estudiar piano. Est\u00e1 en tercer a\u00f1o de universidad. Sarah, mi tercera hija, toca el violonchelo. Empez\u00f3 a estudiar en el Real Conservatorio de Escocia este oto\u00f1o, pero tambi\u00e9n volver\u00e1 para la gira. Y Matthew, nuestro hijo menor, cursa el tercer a\u00f1o de secundaria. Toca la guitarra cl\u00e1sica. As\u00ed que actuamos juntos como &quot;Jenny Oaks Baker and Family Four&quot;, con mi maravilloso esposo, que nos apoya en todo.<\/p>\n\n\n\n<p class=\"wp-block-paragraph\">As\u00ed que eso es un poco de qui\u00e9n soy y estoy agradecido de poder actuar y agradecido de que el Padre Celestial me haya confiado este hermoso espect\u00e1culo y haya provisto milagros y direcci\u00f3n sobre c\u00f3mo traerlo al mundo.<\/p>\n\n\n\n<p class=\"wp-block-paragraph\"><strong>Jason:<\/strong><\/p>\n\n\n\n<p class=\"wp-block-paragraph\">Am\u00e9n, am\u00e9n y am\u00e9n. Me siento muy afortunado de haber sabido todo eso, porque nos conocemos desde hace mucho tiempo. S\u00e9 que amas tu educaci\u00f3n y las escuelas a las que asististe, y s\u00e9 que amas las salas en las que has actuado por todo el mundo, y s\u00e9 que amas el programa y s\u00e9 que amas el libro y s\u00e9 que lo amas todo, pero amas a Dios tanto m\u00e1s que a todo eso que palidece en importancia. Es absurdo siquiera compararlos.<\/p>\n\n\n\n<p class=\"wp-block-paragraph\">Cu\u00e9ntanos un poco sobre el espect\u00e1culo navide\u00f1o que hemos realizado estos \u00faltimos a\u00f1os.<\/p>\n\n\n\n<p class=\"wp-block-paragraph\"><strong>Jenny:<\/strong><\/p>\n\n\n\n<p class=\"wp-block-paragraph\">Se llama \u201cAlegr\u00eda para el mundo, una celebraci\u00f3n sagrada\u201d, pero se trata de convertirse en un mejor testigo de Jesucristo, por eso el libro se llama \u201cTestigos de Navidad\u201d.<em>,\u201d<\/em>&nbsp;y sigue el mismo gui\u00f3n que el programa.<\/p>\n\n\n\n<p class=\"wp-block-paragraph\"><strong>Jason:<\/strong><\/p>\n\n\n\n<p class=\"wp-block-paragraph\">Todo empez\u00f3 hace unos tres a\u00f1os. Jenny me contact\u00f3 y me dijo: &quot;Quiero hacer un espect\u00e1culo navide\u00f1o en medio de una pandemia mundial&quot;. Hicimos solo una funci\u00f3n en el Anfiteatro Tuacahn de St. George, Utah, durante el primer y segundo a\u00f1o, y luego nos expandimos a 10 ciudades en 2022. Y de alguna manera sobrevivimos. \u00a1Sobrevivimos a 10 ciudades! Y luego Jenny me llam\u00f3 a principios de este a\u00f1o... \u00bfY qu\u00e9 me dijiste, Jenny?<\/p>\n\n\n\n<p class=\"wp-block-paragraph\"><strong>Jenny:&nbsp;<\/strong><\/p>\n\n\n\n<p class=\"wp-block-paragraph\">\u00a1No lo recuerdo porque ha sido un a\u00f1o muy largo! Pero creo que pens\u00e9: &quot;\u00a1Quiero hacer 20!&quot;.\u201c<\/p>\n\n\n\n<p class=\"wp-block-paragraph\"><strong>Jason:<\/strong><\/p>\n\n\n\n<p class=\"wp-block-paragraph\">S\u00ed, dijo que pas\u00e1ramos de 10 a 20. Y recuerdo haber pensado: \u201cBueno, dentro de cinco a\u00f1os, al ritmo que vamos, haremos 1200 conciertos entre Acci\u00f3n de Gracias y Navidad\u201d. Pero, de alguna manera, \u00a1lo has conseguido! \u00bfC\u00f3mo ha sido?<\/p>\n\n\n\n<p class=\"wp-block-paragraph\"><strong>Jenny:<\/strong><\/p>\n\n\n\n<p class=\"wp-block-paragraph\">Ha sido lo m\u00e1s dif\u00edcil que he hecho en mi vida. Sinceramente, creo que nunca me hab\u00eda echado a llorar tanto frente al ordenador como en los \u00faltimos meses. Fue muy dif\u00edcil hacer una gira por 10 ciudades, pero lo hice y pens\u00e9: &quot;Este a\u00f1o s\u00e9 lo que hago, no es nada nuevo. Simplemente hago lo mismo, pero el doble, no pasa nada&quot;.\u201c<\/p>\n\n\n\n<p class=\"wp-block-paragraph\">Leer m\u00e1s en <a href=\"https:\/\/latterdaysaintmag.com\/qa-with-jenny-oaks-baker-and-jason-wright-on-their-new-book-witnesses-of-christmas-and-their-show-joy-to-the-world-a-sacred-celebration\/\" data-type=\"link\" data-id=\"https:\/\/latterdaysaintmag.com\/qa-with-jenny-oaks-baker-and-jason-wright-on-their-new-book-witnesses-of-christmas-and-their-show-joy-to-the-world-a-sacred-celebration\/\">lastdaysaintmag.com<\/a>.<\/p>","protected":false},"excerpt":{"rendered":"<p>By\u00a0Jason F. Wright ***Don&#8217;t miss Jenny Oaks Baker at Oakland Temple Hill on December 22, 2023! *** On a recent episode of \u201cThe Book Mic Drop\u201d podcast, Jason and Jenny [&hellip;]<\/p>\n","protected":false},"author":13,"featured_media":9170,"comment_status":"open","ping_status":"open","sticky":false,"template":"","format":"standard","meta":{"_price":"","_stock":"","_tribe_ticket_header":"","_tribe_default_ticket_provider":"","_tribe_ticket_capacity":"0","_ticket_start_date":"","_ticket_end_date":"","_tribe_ticket_show_description":"","_tribe_ticket_show_not_going":false,"_tribe_ticket_use_global_stock":"","_tribe_ticket_global_stock_level":"","_global_stock_mode":"","_global_stock_cap":"","_tribe_rsvp_for_event":"","_tribe_ticket_going_count":"","_tribe_ticket_not_going_count":"","_tribe_tickets_list":"[]","_tribe_ticket_has_attendee_info_fields":false,"footnotes":""},"categories":[72],"tags":[],"class_list":["post-9164","post","type-post","status-publish","format-standard","has-post-thumbnail","hentry","category-events","entry"],"yoast_head":"<!-- This site is optimized with the Yoast SEO plugin v28.4 - https:\/\/yoast.com\/product\/yoast-seo-wordpress\/ -->\n<title>Q&amp;A with Jenny Oaks Baker and Jason Wright on their new book \u201cWitnesses of Christmas\u201d and their show \u201cJoy to the World: A Sacred Celebration\u201d - TempleHill.org<\/title>\n<meta name=\"robots\" content=\"index, follow, max-snippet:-1, max-image-preview:large, max-video-preview:-1\" \/>\n<link rel=\"canonical\" href=\"https:\/\/templehill.org\/es\/qa-with-jenny-oaks-baker-and-jason-wright-on-their-new-book-witnesses-of-christmas-and-their-show-joy-to-the-world-a-sacred-celebration\/\" \/>\n<meta property=\"og:locale\" content=\"es_MX\" \/>\n<meta property=\"og:type\" content=\"article\" \/>\n<meta property=\"og:title\" content=\"Q&amp;A with Jenny Oaks Baker and Jason Wright on their new book \u201cWitnesses of Christmas\u201d and their show \u201cJoy to the World: A Sacred Celebration\u201d - TempleHill.org\" \/>\n<meta property=\"og:description\" content=\"By\u00a0Jason F. Wright ***Don&#8217;t miss Jenny Oaks Baker at Oakland Temple Hill on December 22, 2023! *** On a recent episode of \u201cThe Book Mic Drop\u201d podcast, Jason and Jenny [&hellip;]\" \/>\n<meta property=\"og:url\" content=\"https:\/\/templehill.org\/es\/qa-with-jenny-oaks-baker-and-jason-wright-on-their-new-book-witnesses-of-christmas-and-their-show-joy-to-the-world-a-sacred-celebration\/\" \/>\n<meta property=\"og:site_name\" content=\"TempleHill.org\" \/>\n<meta property=\"article:publisher\" content=\"https:\/\/www.facebook.com\/OaklandTempleHill\" \/>\n<meta property=\"article:published_time\" content=\"2023-10-31T18:16:21+00:00\" \/>\n<meta property=\"article:modified_time\" content=\"2023-10-31T18:16:26+00:00\" \/>\n<meta property=\"og:image\" content=\"https:\/\/templehill.org\/wp-content\/uploads\/2023\/10\/cover-image.png\" \/>\n\t<meta property=\"og:image:width\" content=\"1388\" \/>\n\t<meta property=\"og:image:height\" content=\"870\" \/>\n\t<meta property=\"og:image:type\" content=\"image\/png\" \/>\n<meta name=\"author\" content=\"Marisa Montierth\" \/>\n<meta name=\"twitter:card\" content=\"summary_large_image\" \/>\n<meta name=\"twitter:label1\" content=\"Escrito por\" \/>\n\t<meta name=\"twitter:data1\" content=\"Marisa Montierth\" \/>\n\t<meta name=\"twitter:label2\" content=\"Tiempo de lectura\" \/>\n\t<meta name=\"twitter:data2\" content=\"5 minutos\" \/>\n<script type=\"application\/ld+json\" class=\"yoast-schema-graph\">{\"@context\":\"https:\\\/\\\/schema.org\",\"@graph\":[{\"@type\":\"Article\",\"@id\":\"https:\\\/\\\/templehill.org\\\/qa-with-jenny-oaks-baker-and-jason-wright-on-their-new-book-witnesses-of-christmas-and-their-show-joy-to-the-world-a-sacred-celebration\\\/#article\",\"isPartOf\":{\"@id\":\"https:\\\/\\\/templehill.org\\\/qa-with-jenny-oaks-baker-and-jason-wright-on-their-new-book-witnesses-of-christmas-and-their-show-joy-to-the-world-a-sacred-celebration\\\/\"},\"author\":{\"name\":\"Marisa Montierth\",\"@id\":\"https:\\\/\\\/templehill.org\\\/zh\\\/#\\\/schema\\\/person\\\/0c0fa294cc445f121adc178ce87b7f8b\"},\"headline\":\"Q&amp;A with Jenny Oaks Baker and Jason Wright on their new book \u201cWitnesses of Christmas\u201d and their show \u201cJoy to the World: A Sacred Celebration\u201d\",\"datePublished\":\"2023-10-31T18:16:21+00:00\",\"dateModified\":\"2023-10-31T18:16:26+00:00\",\"mainEntityOfPage\":{\"@id\":\"https:\\\/\\\/templehill.org\\\/qa-with-jenny-oaks-baker-and-jason-wright-on-their-new-book-witnesses-of-christmas-and-their-show-joy-to-the-world-a-sacred-celebration\\\/\"},\"wordCount\":1008,\"commentCount\":0,\"publisher\":{\"@id\":\"https:\\\/\\\/templehill.org\\\/zh\\\/#organization\"},\"image\":{\"@id\":\"https:\\\/\\\/templehill.org\\\/qa-with-jenny-oaks-baker-and-jason-wright-on-their-new-book-witnesses-of-christmas-and-their-show-joy-to-the-world-a-sacred-celebration\\\/#primaryimage\"},\"thumbnailUrl\":\"https:\\\/\\\/templehill.org\\\/wp-content\\\/uploads\\\/2023\\\/10\\\/cover-image.webp\",\"articleSection\":[\"Events\"],\"inLanguage\":\"es\",\"potentialAction\":[{\"@type\":\"CommentAction\",\"name\":\"Comment\",\"target\":[\"https:\\\/\\\/templehill.org\\\/qa-with-jenny-oaks-baker-and-jason-wright-on-their-new-book-witnesses-of-christmas-and-their-show-joy-to-the-world-a-sacred-celebration\\\/#respond\"]}]},{\"@type\":\"WebPage\",\"@id\":\"https:\\\/\\\/templehill.org\\\/qa-with-jenny-oaks-baker-and-jason-wright-on-their-new-book-witnesses-of-christmas-and-their-show-joy-to-the-world-a-sacred-celebration\\\/\",\"url\":\"https:\\\/\\\/templehill.org\\\/qa-with-jenny-oaks-baker-and-jason-wright-on-their-new-book-witnesses-of-christmas-and-their-show-joy-to-the-world-a-sacred-celebration\\\/\",\"name\":\"Q&amp;A with Jenny Oaks Baker and Jason Wright on their new book \u201cWitnesses of Christmas\u201d and their show \u201cJoy to the World: A Sacred Celebration\u201d - TempleHill.org\",\"isPartOf\":{\"@id\":\"https:\\\/\\\/templehill.org\\\/zh\\\/#website\"},\"primaryImageOfPage\":{\"@id\":\"https:\\\/\\\/templehill.org\\\/qa-with-jenny-oaks-baker-and-jason-wright-on-their-new-book-witnesses-of-christmas-and-their-show-joy-to-the-world-a-sacred-celebration\\\/#primaryimage\"},\"image\":{\"@id\":\"https:\\\/\\\/templehill.org\\\/qa-with-jenny-oaks-baker-and-jason-wright-on-their-new-book-witnesses-of-christmas-and-their-show-joy-to-the-world-a-sacred-celebration\\\/#primaryimage\"},\"thumbnailUrl\":\"https:\\\/\\\/templehill.org\\\/wp-content\\\/uploads\\\/2023\\\/10\\\/cover-image.webp\",\"datePublished\":\"2023-10-31T18:16:21+00:00\",\"dateModified\":\"2023-10-31T18:16:26+00:00\",\"breadcrumb\":{\"@id\":\"https:\\\/\\\/templehill.org\\\/qa-with-jenny-oaks-baker-and-jason-wright-on-their-new-book-witnesses-of-christmas-and-their-show-joy-to-the-world-a-sacred-celebration\\\/#breadcrumb\"},\"inLanguage\":\"es\",\"potentialAction\":[{\"@type\":\"ReadAction\",\"target\":[\"https:\\\/\\\/templehill.org\\\/qa-with-jenny-oaks-baker-and-jason-wright-on-their-new-book-witnesses-of-christmas-and-their-show-joy-to-the-world-a-sacred-celebration\\\/\"]}]},{\"@type\":\"ImageObject\",\"inLanguage\":\"es\",\"@id\":\"https:\\\/\\\/templehill.org\\\/qa-with-jenny-oaks-baker-and-jason-wright-on-their-new-book-witnesses-of-christmas-and-their-show-joy-to-the-world-a-sacred-celebration\\\/#primaryimage\",\"url\":\"https:\\\/\\\/templehill.org\\\/wp-content\\\/uploads\\\/2023\\\/10\\\/cover-image.webp\",\"contentUrl\":\"https:\\\/\\\/templehill.org\\\/wp-content\\\/uploads\\\/2023\\\/10\\\/cover-image.webp\",\"width\":1388,\"height\":870},{\"@type\":\"BreadcrumbList\",\"@id\":\"https:\\\/\\\/templehill.org\\\/qa-with-jenny-oaks-baker-and-jason-wright-on-their-new-book-witnesses-of-christmas-and-their-show-joy-to-the-world-a-sacred-celebration\\\/#breadcrumb\",\"itemListElement\":[{\"@type\":\"ListItem\",\"position\":1,\"name\":\"Home\",\"item\":\"https:\\\/\\\/templehill.org\\\/\"},{\"@type\":\"ListItem\",\"position\":2,\"name\":\"Q&amp;A with Jenny Oaks Baker and Jason Wright on their new book \u201cWitnesses of Christmas\u201d and their show \u201cJoy to the World: A Sacred Celebration\u201d\"}]},{\"@type\":\"WebSite\",\"@id\":\"https:\\\/\\\/templehill.org\\\/zh\\\/#website\",\"url\":\"https:\\\/\\\/templehill.org\\\/zh\\\/\",\"name\":\"TempleHill.org\",\"description\":\"Feel Welcome. Feel the Spirit. Feel Inspired.\",\"publisher\":{\"@id\":\"https:\\\/\\\/templehill.org\\\/zh\\\/#organization\"},\"potentialAction\":[{\"@type\":\"SearchAction\",\"target\":{\"@type\":\"EntryPoint\",\"urlTemplate\":\"https:\\\/\\\/templehill.org\\\/zh\\\/?s={search_term_string}\"},\"query-input\":{\"@type\":\"PropertyValueSpecification\",\"valueRequired\":true,\"valueName\":\"search_term_string\"}}],\"inLanguage\":\"es\"},{\"@type\":\"Organization\",\"@id\":\"https:\\\/\\\/templehill.org\\\/zh\\\/#organization\",\"name\":\"TempleHill.org\",\"url\":\"https:\\\/\\\/templehill.org\\\/zh\\\/\",\"logo\":{\"@type\":\"ImageObject\",\"inLanguage\":\"es\",\"@id\":\"https:\\\/\\\/templehill.org\\\/zh\\\/#\\\/schema\\\/logo\\\/image\\\/\",\"url\":\"https:\\\/\\\/templehill.org\\\/wp-content\\\/uploads\\\/2020\\\/06\\\/Temple-Hill-Oakland_logo_Stacked.png\",\"contentUrl\":\"https:\\\/\\\/templehill.org\\\/wp-content\\\/uploads\\\/2020\\\/06\\\/Temple-Hill-Oakland_logo_Stacked.png\",\"width\":1291,\"height\":533,\"caption\":\"TempleHill.org\"},\"image\":{\"@id\":\"https:\\\/\\\/templehill.org\\\/zh\\\/#\\\/schema\\\/logo\\\/image\\\/\"},\"sameAs\":[\"https:\\\/\\\/www.facebook.com\\\/OaklandTempleHill\",\"https:\\\/\\\/www.instagram.com\\\/oaklandtemplehill\\\/\"]},{\"@type\":\"Person\",\"@id\":\"https:\\\/\\\/templehill.org\\\/zh\\\/#\\\/schema\\\/person\\\/0c0fa294cc445f121adc178ce87b7f8b\",\"name\":\"Marisa Montierth\",\"image\":{\"@type\":\"ImageObject\",\"inLanguage\":\"es\",\"@id\":\"https:\\\/\\\/secure.gravatar.com\\\/avatar\\\/5b3431e36a23cbb3961f96809408e4eb482ff99533291a5d0c963879b77d2b8a?s=96&d=mm&r=g\",\"url\":\"https:\\\/\\\/secure.gravatar.com\\\/avatar\\\/5b3431e36a23cbb3961f96809408e4eb482ff99533291a5d0c963879b77d2b8a?s=96&d=mm&r=g\",\"contentUrl\":\"https:\\\/\\\/secure.gravatar.com\\\/avatar\\\/5b3431e36a23cbb3961f96809408e4eb482ff99533291a5d0c963879b77d2b8a?s=96&d=mm&r=g\",\"caption\":\"Marisa Montierth\"},\"url\":\"http:\\\/\\\/templehill.org\\\/es\\\/author\\\/marisa\\\/\"}]}<\/script>\n<!-- \/ Yoast SEO plugin. -->","yoast_head_json":{"title":"Entrevista con Jenny Oaks Baker y Jason Wright sobre su nuevo libro \u201cTestigos de Navidad\u201d y su espect\u00e1culo \u201cAlegr\u00eda para el mundo: Una celebraci\u00f3n sagrada\u201d - TempleHill.org","robots":{"index":"index","follow":"follow","max-snippet":"max-snippet:-1","max-image-preview":"max-image-preview:large","max-video-preview":"max-video-preview:-1"},"canonical":"https:\/\/templehill.org\/es\/qa-with-jenny-oaks-baker-and-jason-wright-on-their-new-book-witnesses-of-christmas-and-their-show-joy-to-the-world-a-sacred-celebration\/","og_locale":"es_MX","og_type":"article","og_title":"Q&amp;A with Jenny Oaks Baker and Jason Wright on their new book \u201cWitnesses of Christmas\u201d and their show \u201cJoy to the World: A Sacred Celebration\u201d - TempleHill.org","og_description":"By\u00a0Jason F. Wright ***Don&#8217;t miss Jenny Oaks Baker at Oakland Temple Hill on December 22, 2023! *** On a recent episode of \u201cThe Book Mic Drop\u201d podcast, Jason and Jenny [&hellip;]","og_url":"https:\/\/templehill.org\/es\/qa-with-jenny-oaks-baker-and-jason-wright-on-their-new-book-witnesses-of-christmas-and-their-show-joy-to-the-world-a-sacred-celebration\/","og_site_name":"TempleHill.org","article_publisher":"https:\/\/www.facebook.com\/OaklandTempleHill","article_published_time":"2023-10-31T18:16:21+00:00","article_modified_time":"2023-10-31T18:16:26+00:00","og_image":[{"width":1388,"height":870,"url":"https:\/\/templehill.org\/wp-content\/uploads\/2023\/10\/cover-image.png","type":"image\/png"}],"author":"Marisa Montierth","twitter_card":"summary_large_image","twitter_misc":{"Escrito por":"Marisa Montierth","Tiempo de lectura":"5 minutos"},"schema":{"@context":"https:\/\/schema.org","@graph":[{"@type":"Article","@id":"https:\/\/templehill.org\/qa-with-jenny-oaks-baker-and-jason-wright-on-their-new-book-witnesses-of-christmas-and-their-show-joy-to-the-world-a-sacred-celebration\/#article","isPartOf":{"@id":"https:\/\/templehill.org\/qa-with-jenny-oaks-baker-and-jason-wright-on-their-new-book-witnesses-of-christmas-and-their-show-joy-to-the-world-a-sacred-celebration\/"},"author":{"name":"Marisa Montierth","@id":"https:\/\/templehill.org\/zh\/#\/schema\/person\/0c0fa294cc445f121adc178ce87b7f8b"},"headline":"Q&amp;A with Jenny Oaks Baker and Jason Wright on their new book \u201cWitnesses of Christmas\u201d and their show \u201cJoy to the World: A Sacred Celebration\u201d","datePublished":"2023-10-31T18:16:21+00:00","dateModified":"2023-10-31T18:16:26+00:00","mainEntityOfPage":{"@id":"https:\/\/templehill.org\/qa-with-jenny-oaks-baker-and-jason-wright-on-their-new-book-witnesses-of-christmas-and-their-show-joy-to-the-world-a-sacred-celebration\/"},"wordCount":1008,"commentCount":0,"publisher":{"@id":"https:\/\/templehill.org\/zh\/#organization"},"image":{"@id":"https:\/\/templehill.org\/qa-with-jenny-oaks-baker-and-jason-wright-on-their-new-book-witnesses-of-christmas-and-their-show-joy-to-the-world-a-sacred-celebration\/#primaryimage"},"thumbnailUrl":"https:\/\/templehill.org\/wp-content\/uploads\/2023\/10\/cover-image.webp","articleSection":["Events"],"inLanguage":"es","potentialAction":[{"@type":"CommentAction","name":"Comment","target":["https:\/\/templehill.org\/qa-with-jenny-oaks-baker-and-jason-wright-on-their-new-book-witnesses-of-christmas-and-their-show-joy-to-the-world-a-sacred-celebration\/#respond"]}]},{"@type":"WebPage","@id":"https:\/\/templehill.org\/qa-with-jenny-oaks-baker-and-jason-wright-on-their-new-book-witnesses-of-christmas-and-their-show-joy-to-the-world-a-sacred-celebration\/","url":"https:\/\/templehill.org\/qa-with-jenny-oaks-baker-and-jason-wright-on-their-new-book-witnesses-of-christmas-and-their-show-joy-to-the-world-a-sacred-celebration\/","name":"Q&amp;A with Jenny Oaks Baker and Jason Wright on their new book \u201cWitnesses of Christmas\u201d and their show \u201cJoy to the World: A Sacred Celebration\u201d - TempleHill.org","isPartOf":{"@id":"https:\/\/templehill.org\/zh\/#website"},"primaryImageOfPage":{"@id":"https:\/\/templehill.org\/qa-with-jenny-oaks-baker-and-jason-wright-on-their-new-book-witnesses-of-christmas-and-their-show-joy-to-the-world-a-sacred-celebration\/#primaryimage"},"image":{"@id":"https:\/\/templehill.org\/qa-with-jenny-oaks-baker-and-jason-wright-on-their-new-book-witnesses-of-christmas-and-their-show-joy-to-the-world-a-sacred-celebration\/#primaryimage"},"thumbnailUrl":"https:\/\/templehill.org\/wp-content\/uploads\/2023\/10\/cover-image.webp","datePublished":"2023-10-31T18:16:21+00:00","dateModified":"2023-10-31T18:16:26+00:00","breadcrumb":{"@id":"https:\/\/templehill.org\/qa-with-jenny-oaks-baker-and-jason-wright-on-their-new-book-witnesses-of-christmas-and-their-show-joy-to-the-world-a-sacred-celebration\/#breadcrumb"},"inLanguage":"es","potentialAction":[{"@type":"ReadAction","target":["https:\/\/templehill.org\/qa-with-jenny-oaks-baker-and-jason-wright-on-their-new-book-witnesses-of-christmas-and-their-show-joy-to-the-world-a-sacred-celebration\/"]}]},{"@type":"ImageObject","inLanguage":"es","@id":"https:\/\/templehill.org\/qa-with-jenny-oaks-baker-and-jason-wright-on-their-new-book-witnesses-of-christmas-and-their-show-joy-to-the-world-a-sacred-celebration\/#primaryimage","url":"https:\/\/templehill.org\/wp-content\/uploads\/2023\/10\/cover-image.webp","contentUrl":"https:\/\/templehill.org\/wp-content\/uploads\/2023\/10\/cover-image.webp","width":1388,"height":870},{"@type":"BreadcrumbList","@id":"https:\/\/templehill.org\/qa-with-jenny-oaks-baker-and-jason-wright-on-their-new-book-witnesses-of-christmas-and-their-show-joy-to-the-world-a-sacred-celebration\/#breadcrumb","itemListElement":[{"@type":"ListItem","position":1,"name":"Home","item":"https:\/\/templehill.org\/"},{"@type":"ListItem","position":2,"name":"Q&amp;A with Jenny Oaks Baker and Jason Wright on their new book \u201cWitnesses of Christmas\u201d and their show \u201cJoy to the World: A Sacred Celebration\u201d"}]},{"@type":"WebSite","@id":"https:\/\/templehill.org\/zh\/#website","url":"https:\/\/templehill.org\/zh\/","name":"TempleHill.org","description":"Feel Welcome. Feel the Spirit. Feel Inspired.","publisher":{"@id":"https:\/\/templehill.org\/zh\/#organization"},"potentialAction":[{"@type":"SearchAction","target":{"@type":"EntryPoint","urlTemplate":"https:\/\/templehill.org\/zh\/?s={search_term_string}"},"query-input":{"@type":"PropertyValueSpecification","valueRequired":true,"valueName":"search_term_string"}}],"inLanguage":"es"},{"@type":"Organization","@id":"https:\/\/templehill.org\/zh\/#organization","name":"TempleHill.org","url":"https:\/\/templehill.org\/zh\/","logo":{"@type":"ImageObject","inLanguage":"es","@id":"https:\/\/templehill.org\/zh\/#\/schema\/logo\/image\/","url":"https:\/\/templehill.org\/wp-content\/uploads\/2020\/06\/Temple-Hill-Oakland_logo_Stacked.png","contentUrl":"https:\/\/templehill.org\/wp-content\/uploads\/2020\/06\/Temple-Hill-Oakland_logo_Stacked.png","width":1291,"height":533,"caption":"TempleHill.org"},"image":{"@id":"https:\/\/templehill.org\/zh\/#\/schema\/logo\/image\/"},"sameAs":["https:\/\/www.facebook.com\/OaklandTempleHill","https:\/\/www.instagram.com\/oaklandtemplehill\/"]},{"@type":"Person","@id":"https:\/\/templehill.org\/zh\/#\/schema\/person\/0c0fa294cc445f121adc178ce87b7f8b","name":"Marisa Montierth","image":{"@type":"ImageObject","inLanguage":"es","@id":"https:\/\/secure.gravatar.com\/avatar\/5b3431e36a23cbb3961f96809408e4eb482ff99533291a5d0c963879b77d2b8a?s=96&d=mm&r=g","url":"https:\/\/secure.gravatar.com\/avatar\/5b3431e36a23cbb3961f96809408e4eb482ff99533291a5d0c963879b77d2b8a?s=96&d=mm&r=g","contentUrl":"https:\/\/secure.gravatar.com\/avatar\/5b3431e36a23cbb3961f96809408e4eb482ff99533291a5d0c963879b77d2b8a?s=96&d=mm&r=g","caption":"Marisa Montierth"},"url":"http:\/\/templehill.org\/es\/author\/marisa\/"}]}},"_links":{"self":[{"href":"http:\/\/templehill.org\/es\/wp-json\/wp\/v2\/posts\/9164","targetHints":{"allow":["GET"]}}],"collection":[{"href":"http:\/\/templehill.org\/es\/wp-json\/wp\/v2\/posts"}],"about":[{"href":"http:\/\/templehill.org\/es\/wp-json\/wp\/v2\/types\/post"}],"author":[{"embeddable":true,"href":"http:\/\/templehill.org\/es\/wp-json\/wp\/v2\/users\/13"}],"replies":[{"embeddable":true,"href":"http:\/\/templehill.org\/es\/wp-json\/wp\/v2\/comments?post=9164"}],"version-history":[{"count":0,"href":"http:\/\/templehill.org\/es\/wp-json\/wp\/v2\/posts\/9164\/revisions"}],"wp:featuredmedia":[{"embeddable":true,"href":"http:\/\/templehill.org\/es\/wp-json\/wp\/v2\/media\/9170"}],"wp:attachment":[{"href":"http:\/\/templehill.org\/es\/wp-json\/wp\/v2\/media?parent=9164"}],"wp:term":[{"taxonomy":"category","embeddable":true,"href":"http:\/\/templehill.org\/es\/wp-json\/wp\/v2\/categories?post=9164"},{"taxonomy":"post_tag","embeddable":true,"href":"http:\/\/templehill.org\/es\/wp-json\/wp\/v2\/tags?post=9164"}],"curies":[{"name":"wp","href":"https:\/\/api.w.org\/{rel}","templated":true}]}}]